{"id":27655,"date":"2020-07-27T10:47:52","date_gmt":"2020-07-27T13:47:52","guid":{"rendered":"https:\/\/www.portalalerta.com.br\/?p=27655"},"modified":"2020-07-27T10:47:52","modified_gmt":"2020-07-27T13:47:52","slug":"apos-diagnostico-de-coronavirus-ministro-da-educacao-revela-pneumonia","status":"publish","type":"post","link":"https:\/\/www.portalalerta.com.br\/index.php\/2020\/07\/27\/apos-diagnostico-de-coronavirus-ministro-da-educacao-revela-pneumonia\/","title":{"rendered":"Ap\u00f3s diagn\u00f3stico de coronav\u00edrus, ministro da Educa\u00e7\u00e3o revela pneumonia"},"content":{"rendered":"<p style=\"text-align: justify;\">O ministro da Educa\u00e7\u00e3o, Milton Ribeiro, disse no \u00faltimo s\u00e1bado, 25, que est\u00e1 com um in\u00edcio de pneumonia. Ele foi diagnosticado com coronav\u00edrus na \u00faltima segunda-feira (20), quatro dias depois de assumir a pasta. Em post no Twitter, o chefe do MEC disse estar bem e medicado.<!--more--><\/p>\n<p style=\"text-align: justify;\"><img fetchpriority=\"high\" decoding=\"async\" class=\"size-thumbnail wp-image-9394 alignleft\" src=\"https:\/\/www.portalalerta.com.br\/wp-content\/uploads\/2018\/07\/05elab-320x240.jpg\" alt=\"\" width=\"320\" height=\"240\" srcset=\"https:\/\/www.portalalerta.com.br\/wp-content\/uploads\/2018\/07\/05elab-320x240.jpg 320w, https:\/\/www.portalalerta.com.br\/wp-content\/uploads\/2018\/07\/05elab-195x146.jpg 195w, https:\/\/www.portalalerta.com.br\/wp-content\/uploads\/2018\/07\/05elab-50x38.jpg 50w, https:\/\/www.portalalerta.com.br\/wp-content\/uploads\/2018\/07\/05elab-100x75.jpg 100w, https:\/\/www.portalalerta.com.br\/wp-content\/uploads\/2018\/07\/05elab.jpg 400w\" sizes=\"(max-width: 320px) 100vw, 320px\" \/>&#8220;Amanheci bem melhor, mas ontem meus m\u00e9dicos constataram um in\u00edcio de pneumonia. Fui \u00e0 cl\u00ednica e tomei via venosa antibi\u00f3tico. Hj acordei bem melhor, 10% de tosse mas ainda sem apetite. Obrigado pelas ora\u00e7\u00f5es e por tudo. Abra\u00e7o fraterno a todos&#8221;, escreveu. Assim como o ministro da Cidadania, Onyx Lorenzoni, e o presidente Jair Bolsonaro (sem partido), defendeu o uso da hidroxicloroquina no tratamento da doen\u00e7a.<\/p>\n<p style=\"text-align: justify;\">Doutor em educa\u00e7\u00e3o pela USP e mestre em Direito Constitucional pelo Mackenzie, ele \u00e9 o quarto ministro a ser indicado para chefiar o MEC no governo Bolsonaro, que j\u00e1 teve Ricardo V\u00e9lez Rodr\u00edguez, Abraham Weintraub e Carlos Alberto Decotelli da Silva &#8211; este \u00faltimo foi nomeado, mas n\u00e3o chegou a tomar posse ap\u00f3s irregularidades encontradas no curr\u00edculo.<\/p>\n<p style=\"text-align: justify;\"><em>Fonte: Metro1<\/em><\/p>\n","protected":false},"excerpt":{"rendered":"<p>O ministro da Educa\u00e7\u00e3o, Milton Ribeiro, disse no \u00faltimo s\u00e1bado, 25, que est\u00e1 com um in\u00edcio de pneumonia. Ele foi diagnosticado com coronav\u00edrus na \u00faltima segunda-feira (20), quatro dias depois de assumir a pasta. Em post no Twitter, o chefe do MEC disse estar bem e medicado.<\/p>\n","protected":false},"author":2,"featured_media":27346,"comment_status":"open","ping_status":"open","sticky":false,"template":"","format":"standard","meta":{"om_disable_all_campaigns":false,"_monsterinsights_skip_tracking":false,"_monsterinsights_sitenote_active":false,"_monsterinsights_sitenote_note":"","_monsterinsights_sitenote_category":0,"footnotes":""},"categories":[34,70,20,69,19],"tags":[93,3429,3486,1805,3795,3817,61],"class_list":["post-27655","post","type-post","status-publish","format-standard","has-post-thumbnail","hentry","category-brasil","category-destaques","category-educacao","category-noticias2","category-saude","tag-brasil","tag-coronavirus","tag-covid-19","tag-ministro-da-educacao","tag-pastor-milton-ribeiro","tag-pneumonia","tag-saude"],"aioseo_notices":[],"_links":{"self":[{"href":"https:\/\/www.portalalerta.com.br\/index.php\/wp-json\/wp\/v2\/posts\/27655","targetHints":{"allow":["GET"]}}],"collection":[{"href":"https:\/\/www.portalalerta.com.br\/index.php\/wp-json\/wp\/v2\/posts"}],"about":[{"href":"https:\/\/www.portalalerta.com.br\/index.php\/wp-json\/wp\/v2\/types\/post"}],"author":[{"embeddable":true,"href":"https:\/\/www.portalalerta.com.br\/index.php\/wp-json\/wp\/v2\/users\/2"}],"replies":[{"embeddable":true,"href":"https:\/\/www.portalalerta.com.br\/index.php\/wp-json\/wp\/v2\/comments?post=27655"}],"version-history":[{"count":1,"href":"https:\/\/www.portalalerta.com.br\/index.php\/wp-json\/wp\/v2\/posts\/27655\/revisions"}],"predecessor-version":[{"id":27656,"href":"https:\/\/www.portalalerta.com.br\/index.php\/wp-json\/wp\/v2\/posts\/27655\/revisions\/27656"}],"wp:featuredmedia":[{"embeddable":true,"href":"https:\/\/www.portalalerta.com.br\/index.php\/wp-json\/wp\/v2\/media\/27346"}],"wp:attachment":[{"href":"https:\/\/www.portalalerta.com.br\/index.php\/wp-json\/wp\/v2\/media?parent=27655"}],"wp:term":[{"taxonomy":"category","embeddable":true,"href":"https:\/\/www.portalalerta.com.br\/index.php\/wp-json\/wp\/v2\/categories?post=27655"},{"taxonomy":"post_tag","embeddable":true,"href":"https:\/\/www.portalalerta.com.br\/index.php\/wp-json\/wp\/v2\/tags?post=27655"}],"curies":[{"name":"wp","href":"https:\/\/api.w.org\/{rel}","templated":true}]}}