{"id":2766,"date":"2017-11-25T00:41:12","date_gmt":"2017-11-25T02:41:12","guid":{"rendered":"http:\/\/www.portalalerta.com.br\/?p=2766"},"modified":"2017-11-25T00:41:12","modified_gmt":"2017-11-25T02:41:12","slug":"michel-temer-e-internado-para-realizar-cateterismo","status":"publish","type":"post","link":"https:\/\/www.portalalerta.com.br\/index.php\/2017\/11\/25\/michel-temer-e-internado-para-realizar-cateterismo\/","title":{"rendered":"Michel Temer \u00e9 internado para realizar cateterismo"},"content":{"rendered":"<p>O presidente Michel Temer, de 77 anos, foi internado em S\u00e3o Paulo nesta sexta-feira,24, para a realiza\u00e7\u00e3o de um cateterismo e uma revis\u00e3o da cirurgia na pr\u00f3stata a que foi submetido em outubro.<\/p>\n<p>&#8220;O presidente da Rep\u00fablica Michel Temer deu entrada no hospital S\u00edrio Liban\u00eas \u00e0s 19h04 de hoje para reavalia\u00e7\u00e3o urol\u00f3gica e realiza\u00e7\u00e3o de uma cineangiocoronariografia (cateterismo)&#8221;, diz nota divulgada pela Secretaria de Comunica\u00e7\u00e3o da Presid\u00eancia.<\/p>\n<p>Em outubro, Temer\u00a0chegou a ser internado para fazer\u00a0uma raspagem para diminuir o tamanho da pr\u00f3stata, ap\u00f3s ter sofrido um epis\u00f3dio de obstru\u00e7\u00e3o do canal uretral.<\/p>\n<p>Poucos dias antes,\u00a0o presidente passou por uma bateria de exames que constatou uma obstru\u00e7\u00e3o parcial da art\u00e9ria coron\u00e1ria, mas n\u00e3o chegou a fazer o\u00a0o procedimento de cateterismo,\u00a0\u00a0feito para identificar e tratar doen\u00e7as do cora\u00e7\u00e3o e dos vasos sangu\u00edneos.<\/p>\n<p><em>Fonte:\u00a0catracalivre.com.br<\/em><\/p>\n","protected":false},"excerpt":{"rendered":"<p>O presidente Michel Temer, de 77 anos, foi internado em S\u00e3o Paulo nesta sexta-feira,24, para a realiza\u00e7\u00e3o de um cateterismo e uma revis\u00e3o da cirurgia na pr\u00f3stata a que foi submetido em outubro. &#8220;O presidente da Rep\u00fablica Michel Temer deu entrada no hospital S\u00edrio Liban\u00eas \u00e0s 19h04 de hoje para reavalia\u00e7\u00e3o urol\u00f3gica e realiza\u00e7\u00e3o de &hellip;<\/p>\n","protected":false},"author":1,"featured_media":2767,"comment_status":"closed","ping_status":"open","sticky":false,"template":"","format":"standard","meta":{"om_disable_all_campaigns":false,"_monsterinsights_skip_tracking":false,"_monsterinsights_sitenote_active":false,"_monsterinsights_sitenote_note":"","_monsterinsights_sitenote_category":0,"footnotes":""},"categories":[21,19],"tags":[],"class_list":["post-2766","post","type-post","status-publish","format-standard","has-post-thumbnail","hentry","category-politica","category-saude"],"aioseo_notices":[],"_links":{"self":[{"href":"https:\/\/www.portalalerta.com.br\/index.php\/wp-json\/wp\/v2\/posts\/2766","targetHints":{"allow":["GET"]}}],"collection":[{"href":"https:\/\/www.portalalerta.com.br\/index.php\/wp-json\/wp\/v2\/posts"}],"about":[{"href":"https:\/\/www.portalalerta.com.br\/index.php\/wp-json\/wp\/v2\/types\/post"}],"author":[{"embeddable":true,"href":"https:\/\/www.portalalerta.com.br\/index.php\/wp-json\/wp\/v2\/users\/1"}],"replies":[{"embeddable":true,"href":"https:\/\/www.portalalerta.com.br\/index.php\/wp-json\/wp\/v2\/comments?post=2766"}],"version-history":[{"count":0,"href":"https:\/\/www.portalalerta.com.br\/index.php\/wp-json\/wp\/v2\/posts\/2766\/revisions"}],"wp:featuredmedia":[{"embeddable":true,"href":"https:\/\/www.portalalerta.com.br\/index.php\/wp-json\/wp\/v2\/media\/2767"}],"wp:attachment":[{"href":"https:\/\/www.portalalerta.com.br\/index.php\/wp-json\/wp\/v2\/media?parent=2766"}],"wp:term":[{"taxonomy":"category","embeddable":true,"href":"https:\/\/www.portalalerta.com.br\/index.php\/wp-json\/wp\/v2\/categories?post=2766"},{"taxonomy":"post_tag","embeddable":true,"href":"https:\/\/www.portalalerta.com.br\/index.php\/wp-json\/wp\/v2\/tags?post=2766"}],"curies":[{"name":"wp","href":"https:\/\/api.w.org\/{rel}","templated":true}]}}