{"id":2769,"date":"2017-11-25T00:43:32","date_gmt":"2017-11-25T02:43:32","guid":{"rendered":"http:\/\/www.portalalerta.com.br\/?p=2769"},"modified":"2017-12-15T20:31:51","modified_gmt":"2017-12-15T22:31:51","slug":"contra-rui-em-2014-prefeito-anuncia-apoio-ao-governador-em-2018","status":"publish","type":"post","link":"https:\/\/www.portalalerta.com.br\/index.php\/2017\/11\/25\/contra-rui-em-2014-prefeito-anuncia-apoio-ao-governador-em-2018\/","title":{"rendered":"Contra Rui em 2014, prefeito anuncia apoio ao governador em 2018"},"content":{"rendered":"<h2>Filiado ao PSD, Reinaldo G\u00f3es, de Iuiu, anunciou alinhamento com o senador Otto Alencar e assegurou que caminhar\u00e1 ao lado do petista na campanha \u00e0 reelei\u00e7\u00e3o.<\/h2>\n<p>Contr\u00e1rio a Rui Costa na campanha eleitoral de 2014, o prefeito de Iuiu, Reinaldo G\u00f3es (PSD), prometeu nesta sexta-feira (24), durante a entrega da policl\u00ednica entregue pelo Estado \u00e0 cidade de Guanambi, no sudoeste baiano, se alinhar com o presidente do partido na Bahia, o senador Otto Alencar, e caminhar ao lado do governador em sua corrida pela reelei\u00e7\u00e3o no pr\u00f3ximo ano.<\/p>\n<p>Na incurs\u00e3o pela regi\u00e3o, o petista entregou o novo sistema de abastecimento de \u00e1gua, autorizou o in\u00edcio das obras de recupera\u00e7\u00e3o de 1,5 quil\u00f4metro da BA-160, no trecho que passa por dentro do munic\u00edpio, e anunciou a elabora\u00e7\u00e3o de um projeto de pavimenta\u00e7\u00e3o de mais 18 quil\u00f4metros da mesma rodovia, at\u00e9 o distrito de Pindorama. \u201cEu estou com nosso governador Rui Costa. Tomei essa decis\u00e3o porque reconhe\u00e7o que o governador Rui Costa \u00e9, sem d\u00favida, o melhor governador que a Bahia j\u00e1 teve\u201d, afirmou G\u00f3es, em discurso.<\/p>\n<p>A fala do gestor foi interrompida por Rui, que agradeceu \u00e0 declara\u00e7\u00e3o de voto e abra\u00e7ou o gestor. \u201cLembro bem que o prefeito Reinaldo G\u00f3es, de Iuiu, n\u00e3o caminhou conosco nas elei\u00e7\u00f5es 2014. Hoje est\u00e1 com a gente e n\u00e3o foram palavras que o convenceram, foi nosso trabalho e correria\u201d, disse o governador.<\/p>\n<p>Al\u00e9m de entregar a policl\u00ednica regional de Guanambi, o governador anunciou que vai implantar cursos t\u00e9cnicos na \u00e1rea cultural em escolas p\u00fablicas da rede estadual da regi\u00e3o.<\/p>\n","protected":false},"excerpt":{"rendered":"<p>Filiado ao PSD, Reinaldo G\u00f3es, de Iuiu, anunciou alinhamento com o senador Otto Alencar e assegurou que caminhar\u00e1 ao lado do petista na campanha \u00e0 reelei\u00e7\u00e3o. Contr\u00e1rio a Rui Costa na campanha eleitoral de 2014, o prefeito de Iuiu, Reinaldo G\u00f3es (PSD), prometeu nesta sexta-feira (24), durante a entrega da policl\u00ednica entregue pelo Estado \u00e0 &hellip;<\/p>\n","protected":false},"author":1,"featured_media":2770,"comment_status":"closed","ping_status":"open","sticky":false,"template":"","format":"standard","meta":{"om_disable_all_campaigns":false,"_monsterinsights_skip_tracking":false,"_monsterinsights_sitenote_active":false,"_monsterinsights_sitenote_note":"","_monsterinsights_sitenote_category":0,"footnotes":""},"categories":[70,21],"tags":[],"class_list":["post-2769","post","type-post","status-publish","format-standard","has-post-thumbnail","hentry","category-destaques","category-politica"],"aioseo_notices":[],"_links":{"self":[{"href":"https:\/\/www.portalalerta.com.br\/index.php\/wp-json\/wp\/v2\/posts\/2769","targetHints":{"allow":["GET"]}}],"collection":[{"href":"https:\/\/www.portalalerta.com.br\/index.php\/wp-json\/wp\/v2\/posts"}],"about":[{"href":"https:\/\/www.portalalerta.com.br\/index.php\/wp-json\/wp\/v2\/types\/post"}],"author":[{"embeddable":true,"href":"https:\/\/www.portalalerta.com.br\/index.php\/wp-json\/wp\/v2\/users\/1"}],"replies":[{"embeddable":true,"href":"https:\/\/www.portalalerta.com.br\/index.php\/wp-json\/wp\/v2\/comments?post=2769"}],"version-history":[{"count":0,"href":"https:\/\/www.portalalerta.com.br\/index.php\/wp-json\/wp\/v2\/posts\/2769\/revisions"}],"wp:featuredmedia":[{"embeddable":true,"href":"https:\/\/www.portalalerta.com.br\/index.php\/wp-json\/wp\/v2\/media\/2770"}],"wp:attachment":[{"href":"https:\/\/www.portalalerta.com.br\/index.php\/wp-json\/wp\/v2\/media?parent=2769"}],"wp:term":[{"taxonomy":"category","embeddable":true,"href":"https:\/\/www.portalalerta.com.br\/index.php\/wp-json\/wp\/v2\/categories?post=2769"},{"taxonomy":"post_tag","embeddable":true,"href":"https:\/\/www.portalalerta.com.br\/index.php\/wp-json\/wp\/v2\/tags?post=2769"}],"curies":[{"name":"wp","href":"https:\/\/api.w.org\/{rel}","templated":true}]}}