{"id":27703,"date":"2020-07-28T22:23:44","date_gmt":"2020-07-29T01:23:44","guid":{"rendered":"https:\/\/www.portalalerta.com.br\/?p=27703"},"modified":"2020-07-28T22:23:44","modified_gmt":"2020-07-29T01:23:44","slug":"apos-anunciar-cancelamento-prefeitura-do-rio-diz-que-reveillon-sera-adaptado","status":"publish","type":"post","link":"https:\/\/www.portalalerta.com.br\/index.php\/2020\/07\/28\/apos-anunciar-cancelamento-prefeitura-do-rio-diz-que-reveillon-sera-adaptado\/","title":{"rendered":"Ap\u00f3s anunciar cancelamento, prefeitura do Rio diz que Rev\u00e9illon ser\u00e1 adaptado"},"content":{"rendered":"<p style=\"text-align: justify;\">Ap\u00f3s anunciar cancelamento da festa, a prefeitura do Rio de Janeiro afirma que o Rev\u00e9illon ocorrer\u00e1 de maneira \u201cadaptada\u201d \u00e0 pandemia na capital fluminense. \u201cCom rela\u00e7\u00e3o ao r\u00e9veillon, esse modelo tradicional que conhecemos e que praticamos na cidade h\u00e1 anos, assim como o carnaval, n\u00e3o \u00e9 vi\u00e1vel neste cen\u00e1rio de pandemia, sem a exist\u00eancia de uma vacina\u201d, havia afirmado o Executivo na \u00faltima sexta-feira (24).\u00a0<!--more--><\/p>\n<p style=\"text-align: justify;\">Contudo, em nota divulgada ap\u00f3s a repercuss\u00e3o, a gest\u00e3o de Marcelo Crivella (Republicanos) mudou o tom, e disse que \u201cn\u00e3o \u00e9 verdade que a Prefeitura do Rio, por meio da Riotur, tenha cancelado o r\u00e9veillon carioca. A Riotur jamais divulgou qualquer informa\u00e7\u00e3o sobre cancelamento do r\u00e9veillon\u201d, diz o texto.<\/p>\n<div data-mvc-banner=\"leaderboard\"><\/div>\n<p><script type=\"text\/javascript\"> (function(storeName) { var b = document.createElement('script'); b.type = 'text\/javascript'; b.async = true; b.src = 'https:\/\/www.magazinevoce.com.br\/js\/banner.js?store='+ storeName; var s = document.getElementsByTagName('script')[0]; s.parentNode.insertBefore(b, s); })('Nvscosta'); <\/script><\/p>\n<p style=\"text-align: justify;\">A prefeitura ainda ressaltou que no cen\u00e1rio da pandemia \u201conde ainda n\u00e3o temos uma vacina (sic)\u201d a Riotur estuda \u201cmodelos para a virada de 2020 para 2021, que em breve ainda ser\u00e3o apresentados ao Prefeito Marcelo Crivella e ao gabinete cient\u00edfico\u201d.<\/p>\n<p style=\"text-align: justify;\">Em entrevista ao portal G1, Crivella disse que \u201cnada est\u00e1 definido\u201d em rela\u00e7\u00e3o \u00e0 festividade na cidade.\u00a0\u201c\u00c9 muito recente a m\u00e1goa a tristeza ent\u00e3o estamos aguardando. Nada tem definido. Se zerar tudo e continuar sepultando menos gente, vamos ter aprendido uma forma de viver e nossa dor tenha diminu\u00eddo muito. Vou fazer pesquisa e consultar a popula\u00e7\u00e3o\u201d, pontuou.<\/p>\n<p style=\"text-align: justify;\"><em>Fonte: Canabrava FM<\/em><\/p>\n","protected":false},"excerpt":{"rendered":"<p>Ap\u00f3s anunciar cancelamento da festa, a prefeitura do Rio de Janeiro afirma que o Rev\u00e9illon ocorrer\u00e1 de maneira \u201cadaptada\u201d \u00e0 pandemia na capital fluminense. \u201cCom rela\u00e7\u00e3o ao r\u00e9veillon, esse modelo tradicional que conhecemos e que praticamos na cidade h\u00e1 anos, assim como o carnaval, n\u00e3o \u00e9 vi\u00e1vel neste cen\u00e1rio de pandemia, sem a exist\u00eancia de &hellip;<\/p>\n","protected":false},"author":2,"featured_media":27704,"comment_status":"open","ping_status":"open","sticky":false,"template":"","format":"standard","meta":{"om_disable_all_campaigns":false,"_monsterinsights_skip_tracking":false,"_monsterinsights_sitenote_active":false,"_monsterinsights_sitenote_note":"","_monsterinsights_sitenote_category":0,"footnotes":""},"categories":[34,70,69,19],"tags":[3429,3486,3816,300,61],"class_list":["post-27703","post","type-post","status-publish","format-standard","has-post-thumbnail","hentry","category-brasil","category-destaques","category-noticias2","category-saude","tag-coronavirus","tag-covid-19","tag-reveillon","tag-rio-de-janeiro","tag-saude"],"aioseo_notices":[],"_links":{"self":[{"href":"https:\/\/www.portalalerta.com.br\/index.php\/wp-json\/wp\/v2\/posts\/27703","targetHints":{"allow":["GET"]}}],"collection":[{"href":"https:\/\/www.portalalerta.com.br\/index.php\/wp-json\/wp\/v2\/posts"}],"about":[{"href":"https:\/\/www.portalalerta.com.br\/index.php\/wp-json\/wp\/v2\/types\/post"}],"author":[{"embeddable":true,"href":"https:\/\/www.portalalerta.com.br\/index.php\/wp-json\/wp\/v2\/users\/2"}],"replies":[{"embeddable":true,"href":"https:\/\/www.portalalerta.com.br\/index.php\/wp-json\/wp\/v2\/comments?post=27703"}],"version-history":[{"count":1,"href":"https:\/\/www.portalalerta.com.br\/index.php\/wp-json\/wp\/v2\/posts\/27703\/revisions"}],"predecessor-version":[{"id":27705,"href":"https:\/\/www.portalalerta.com.br\/index.php\/wp-json\/wp\/v2\/posts\/27703\/revisions\/27705"}],"wp:featuredmedia":[{"embeddable":true,"href":"https:\/\/www.portalalerta.com.br\/index.php\/wp-json\/wp\/v2\/media\/27704"}],"wp:attachment":[{"href":"https:\/\/www.portalalerta.com.br\/index.php\/wp-json\/wp\/v2\/media?parent=27703"}],"wp:term":[{"taxonomy":"category","embeddable":true,"href":"https:\/\/www.portalalerta.com.br\/index.php\/wp-json\/wp\/v2\/categories?post=27703"},{"taxonomy":"post_tag","embeddable":true,"href":"https:\/\/www.portalalerta.com.br\/index.php\/wp-json\/wp\/v2\/tags?post=27703"}],"curies":[{"name":"wp","href":"https:\/\/api.w.org\/{rel}","templated":true}]}}