{"id":27706,"date":"2020-07-28T22:49:34","date_gmt":"2020-07-29T01:49:34","guid":{"rendered":"https:\/\/www.portalalerta.com.br\/?p=27706"},"modified":"2020-07-28T22:49:34","modified_gmt":"2020-07-29T01:49:34","slug":"tre-aceita-recurso-de-gordo-de-dada-e-o-torna-apto-a-disputar-as-eleicoes-2020-em-ribeira-do-pombal-ba","status":"publish","type":"post","link":"https:\/\/www.portalalerta.com.br\/index.php\/2020\/07\/28\/tre-aceita-recurso-de-gordo-de-dada-e-o-torna-apto-a-disputar-as-eleicoes-2020-em-ribeira-do-pombal-ba\/","title":{"rendered":"TRE aceita recurso de \u201cGordo de Dad\u00e1\u201d e o torna apto a disputar as elei\u00e7\u00f5es 2020 em Ribeira do Pombal-BA"},"content":{"rendered":"<p style=\"text-align: justify;\">O Tribunal Regional Eleitoral do Estado da Bahia (TRE-BA), decidiu nesta ter\u00e7a-feira, 28, aceitar o recurso em favor do pr\u00e9-candidato \u00e0 vice-prefeito nas elei\u00e7\u00f5es 2020 em Ribeira do Pombal-BA, Carlos Vinicius de Melo Calasans (Gordo de Dad\u00e1).<!--more--><\/p>\n<p style=\"text-align: justify;\"><img fetchpriority=\"high\" decoding=\"async\" class=\"size-thumbnail wp-image-9394 alignleft\" src=\"https:\/\/www.portalalerta.com.br\/wp-content\/uploads\/2018\/07\/05elab-320x240.jpg\" alt=\"\" width=\"320\" height=\"240\" srcset=\"https:\/\/www.portalalerta.com.br\/wp-content\/uploads\/2018\/07\/05elab-320x240.jpg 320w, https:\/\/www.portalalerta.com.br\/wp-content\/uploads\/2018\/07\/05elab-195x146.jpg 195w, https:\/\/www.portalalerta.com.br\/wp-content\/uploads\/2018\/07\/05elab-50x38.jpg 50w, https:\/\/www.portalalerta.com.br\/wp-content\/uploads\/2018\/07\/05elab-100x75.jpg 100w, https:\/\/www.portalalerta.com.br\/wp-content\/uploads\/2018\/07\/05elab.jpg 400w\" sizes=\"(max-width: 320px) 100vw, 320px\" \/>Gordo tinha sido condenado em primeira inst\u00e2ncia pelo Juiz Eleitoral Marley Cunha Medeiros, num processo onde estava sendo acusado pelas pr\u00e1ticas de<strong>: <\/strong><strong>Capta\u00e7\u00e3o il\u00edcita de sufr\u00e1gio, abuso de poder, suposto transporte para com\u00edcio em troca de votos, distribui\u00e7\u00e3o de combust\u00edvel, e abuso de poder econ\u00f4mico pela utiliza\u00e7\u00e3o de aeronave para distribui\u00e7\u00e3o de panfletos, fatos ocorridos durante as elei\u00e7\u00f5es de 2012, quando foi candidato a prefeito do munic\u00edpio. <\/strong>Na decis\u00e3o, o juiz condenou o pol\u00edtico ao pagamento de uma multa no valor de R$ 10.000,00 (Dez mil reais), bem como \u00e0 inelegibilidade pelo prazo de oito anos posterior ao per\u00edodo eleitoral em que sofreu as acusa\u00e7\u00f5es. <a href=\"https:\/\/www.portalalerta.com.br\/index.php\/2019\/11\/13\/prefeitavel-pela-oposicao-pombalense-gordo-de-dada-e-declarado-inelegivel-ate-2020\/\"><strong>Relembre<\/strong><\/a><\/p>\n<p style=\"text-align: justify;\">Na decis\u00e3o desta ter\u00e7a-feira, o TRE aceitou o recurso, passando a reformar a senten\u00e7a, julgando improcedente o pedido feito na a\u00e7\u00e3o, ao tempo em que afastou as san\u00e7\u00f5es impostas, o que torna Gordo de Dad\u00e1 apto a disputar as elei\u00e7\u00f5es 2020. No <a href=\"https:\/\/www.portalalerta.com.br\/index.php\/2020\/02\/17\/sem-surpresas-pre-candidaturas-sao-lancadas-em-ribeira-do-pombal-ba\/\"><strong>dia 15 de fevereiro do corrente ano, Gordo de Dad\u00e1 havia se lan\u00e7ado de forma oficial como pr\u00e9-candidato \u00e0 vice prefeito de Ribeira do Pombal ao lado do ex-prefeito Jos\u00e9 Louren\u00e7o Morais da Silva Junior (Z\u00e9 Grilo)<\/strong><\/a>, que ap\u00f3s ter suas contas rejeitadas pelo Tribunal de Contas dos Munic\u00edpios (TCM), e da C\u00e2mara Municipal de Vereadores, tamb\u00e9m aguarda uma decis\u00e3o judicial para confirmar a poss\u00edvel candidatura.<\/p>\n<p style=\"text-align: justify;\"><em>Reda\u00e7\u00e3o: Portal Alerta <\/em><\/p>\n<p style=\"text-align: justify;\"><em><strong>#fiqueemcasa<\/strong><\/em><\/p>\n<p style=\"text-align: justify;\"><em><strong>#usemascaras<\/strong><\/em><\/p>\n","protected":false},"excerpt":{"rendered":"<p>O Tribunal Regional Eleitoral do Estado da Bahia (TRE-BA), decidiu nesta ter\u00e7a-feira, 28, aceitar o recurso em favor do pr\u00e9-candidato \u00e0 vice-prefeito nas elei\u00e7\u00f5es 2020 em Ribeira do Pombal-BA, Carlos Vinicius de Melo Calasans (Gordo de Dad\u00e1).<\/p>\n","protected":false},"author":2,"featured_media":18758,"comment_status":"open","ping_status":"open","sticky":false,"template":"","format":"standard","meta":{"om_disable_all_campaigns":false,"_monsterinsights_skip_tracking":false,"_monsterinsights_sitenote_active":false,"_monsterinsights_sitenote_note":"","_monsterinsights_sitenote_category":0,"footnotes":""},"categories":[70,69,21,32,3],"tags":[3215,3401,270,47,380],"class_list":["post-27706","post","type-post","status-publish","format-standard","has-post-thumbnail","hentry","category-destaques","category-noticias2","category-politica","category-regiao","category-ribeira-do-pombal","tag-eleicoes-2020","tag-gordo-de-dada","tag-justica","tag-ribeira-do-pombal","tag-tre"],"aioseo_notices":[],"_links":{"self":[{"href":"https:\/\/www.portalalerta.com.br\/index.php\/wp-json\/wp\/v2\/posts\/27706","targetHints":{"allow":["GET"]}}],"collection":[{"href":"https:\/\/www.portalalerta.com.br\/index.php\/wp-json\/wp\/v2\/posts"}],"about":[{"href":"https:\/\/www.portalalerta.com.br\/index.php\/wp-json\/wp\/v2\/types\/post"}],"author":[{"embeddable":true,"href":"https:\/\/www.portalalerta.com.br\/index.php\/wp-json\/wp\/v2\/users\/2"}],"replies":[{"embeddable":true,"href":"https:\/\/www.portalalerta.com.br\/index.php\/wp-json\/wp\/v2\/comments?post=27706"}],"version-history":[{"count":1,"href":"https:\/\/www.portalalerta.com.br\/index.php\/wp-json\/wp\/v2\/posts\/27706\/revisions"}],"predecessor-version":[{"id":27707,"href":"https:\/\/www.portalalerta.com.br\/index.php\/wp-json\/wp\/v2\/posts\/27706\/revisions\/27707"}],"wp:featuredmedia":[{"embeddable":true,"href":"https:\/\/www.portalalerta.com.br\/index.php\/wp-json\/wp\/v2\/media\/18758"}],"wp:attachment":[{"href":"https:\/\/www.portalalerta.com.br\/index.php\/wp-json\/wp\/v2\/media?parent=27706"}],"wp:term":[{"taxonomy":"category","embeddable":true,"href":"https:\/\/www.portalalerta.com.br\/index.php\/wp-json\/wp\/v2\/categories?post=27706"},{"taxonomy":"post_tag","embeddable":true,"href":"https:\/\/www.portalalerta.com.br\/index.php\/wp-json\/wp\/v2\/tags?post=27706"}],"curies":[{"name":"wp","href":"https:\/\/api.w.org\/{rel}","templated":true}]}}