{"id":2772,"date":"2017-11-25T00:45:51","date_gmt":"2017-11-25T02:45:51","guid":{"rendered":"http:\/\/www.portalalerta.com.br\/?p=2772"},"modified":"2017-11-25T00:45:51","modified_gmt":"2017-11-25T02:45:51","slug":"pdt-e-psb-conversam-sobre-palanque-para-ciro-gomes-na-bahia","status":"publish","type":"post","link":"https:\/\/www.portalalerta.com.br\/index.php\/2017\/11\/25\/pdt-e-psb-conversam-sobre-palanque-para-ciro-gomes-na-bahia\/","title":{"rendered":"PDT e PSB conversam sobre palanque para Ciro Gomes na Bahia"},"content":{"rendered":"<h2>Presidente nacional do PDT, Carlos Lupi disse que a senadora L\u00eddice da Mata tem se mostrado \u201caberta ao di\u00e1logo\u201d.<\/h2>\n<div class=\"conteudo_post\">\n<p>H\u00e1 um consenso na pol\u00edtica baiana de que o plano nacional vai definir a forma\u00e7\u00e3o das candidaturas a governador no estado. A novidade, desta vez, \u00e9 que o PDT tem conversado com o PSB, da senadora L\u00eddice da Mata, para firmar uma alian\u00e7a a fim de que o presidenci\u00e1vel Ciro Gomes tenha palanque na Bahia.<\/p>\n<p>Ao\u00a0<strong>bahia.ba<\/strong>, o presidente nacional do PDT, Carlos Lupi, confirmou que\u00a0h\u00e1 di\u00e1logos, mas ressaltou que qualquer acordo s\u00f3 ser\u00e1 concretizado no pr\u00f3ximo ano.<\/p>\n<p>\u201cA nossa inten\u00e7\u00e3o \u00e9 fazer essa alian\u00e7a PDT e PSB, porque s\u00e3o aliados hist\u00f3ricos. PDT e PSB n\u00e3o precisam se justificar porque est\u00e3o juntos, porque t\u00eam afinidade e t\u00eam hist\u00f3ria. Isso facilita muito\u201d, frisou, ao ressaltar que L\u00eddice se mostrou \u201caberta ao di\u00e1logo\u201d.<\/p>\n<p>F\u00e9lix j\u00e1 tinha deixado em aberto a possibilidade de o seu partido se\u00a0desvincular do grupo liderado pelo governador Rui Costa\u00a0(PT) para que Ciro Gomes tenha estrutura em territ\u00f3rio baiano.<\/p>\n<p>As duas siglas mostram certo desconforto em rela\u00e7\u00e3o ao Pal\u00e1cio de Ondina. Os socialistas por causa do risco de a senadora L\u00eddice da Mata ficar de fora da chapa majorit\u00e1ria em 2018. Entende-se que o PSD, do senador Otto Alencar, tem hoje mais for\u00e7a eleitoral para ocupar o posto que seria dela na composi\u00e7\u00e3o.<\/p>\n<p>J\u00e1 os pedetistas reclamam do pouco espa\u00e7o no governo. Amea\u00e7am, inclusive,\u00a0entregar os cargos.<\/p>\n<\/div>\n<div><\/div>\n<div><\/div>\n<div>Fonte: bahia.ba<\/div>\n","protected":false},"excerpt":{"rendered":"<p>Presidente nacional do PDT, Carlos Lupi disse que a senadora L\u00eddice da Mata tem se mostrado \u201caberta ao di\u00e1logo\u201d. H\u00e1 um consenso na pol\u00edtica baiana de que o plano nacional vai definir a forma\u00e7\u00e3o das candidaturas a governador no estado. A novidade, desta vez, \u00e9 que o PDT tem conversado com o PSB, da senadora &hellip;<\/p>\n","protected":false},"author":1,"featured_media":2773,"comment_status":"closed","ping_status":"open","sticky":false,"template":"","format":"standard","meta":{"om_disable_all_campaigns":false,"_monsterinsights_skip_tracking":false,"_monsterinsights_sitenote_active":false,"_monsterinsights_sitenote_note":"","_monsterinsights_sitenote_category":0,"footnotes":""},"categories":[21],"tags":[],"class_list":["post-2772","post","type-post","status-publish","format-standard","has-post-thumbnail","hentry","category-politica"],"aioseo_notices":[],"_links":{"self":[{"href":"https:\/\/www.portalalerta.com.br\/index.php\/wp-json\/wp\/v2\/posts\/2772","targetHints":{"allow":["GET"]}}],"collection":[{"href":"https:\/\/www.portalalerta.com.br\/index.php\/wp-json\/wp\/v2\/posts"}],"about":[{"href":"https:\/\/www.portalalerta.com.br\/index.php\/wp-json\/wp\/v2\/types\/post"}],"author":[{"embeddable":true,"href":"https:\/\/www.portalalerta.com.br\/index.php\/wp-json\/wp\/v2\/users\/1"}],"replies":[{"embeddable":true,"href":"https:\/\/www.portalalerta.com.br\/index.php\/wp-json\/wp\/v2\/comments?post=2772"}],"version-history":[{"count":0,"href":"https:\/\/www.portalalerta.com.br\/index.php\/wp-json\/wp\/v2\/posts\/2772\/revisions"}],"wp:featuredmedia":[{"embeddable":true,"href":"https:\/\/www.portalalerta.com.br\/index.php\/wp-json\/wp\/v2\/media\/2773"}],"wp:attachment":[{"href":"https:\/\/www.portalalerta.com.br\/index.php\/wp-json\/wp\/v2\/media?parent=2772"}],"wp:term":[{"taxonomy":"category","embeddable":true,"href":"https:\/\/www.portalalerta.com.br\/index.php\/wp-json\/wp\/v2\/categories?post=2772"},{"taxonomy":"post_tag","embeddable":true,"href":"https:\/\/www.portalalerta.com.br\/index.php\/wp-json\/wp\/v2\/tags?post=2772"}],"curies":[{"name":"wp","href":"https:\/\/api.w.org\/{rel}","templated":true}]}}