{"id":27777,"date":"2020-07-29T15:24:22","date_gmt":"2020-07-29T18:24:22","guid":{"rendered":"https:\/\/www.portalalerta.com.br\/?p=27777"},"modified":"2020-07-29T15:24:55","modified_gmt":"2020-07-29T18:24:55","slug":"1araci-ba-atinge-a-marca-de-600-infectados-por-covid-19-taxa-de-cura-chega-72","status":"publish","type":"post","link":"https:\/\/www.portalalerta.com.br\/index.php\/2020\/07\/29\/1araci-ba-atinge-a-marca-de-600-infectados-por-covid-19-taxa-de-cura-chega-72\/","title":{"rendered":"Araci-BA atinge a marca de 600 infectados por Covid-19. Taxa de cura chega a 72%!"},"content":{"rendered":"<p style=\"text-align: justify;\">Ap\u00f3s a divulga\u00e7\u00e3o do \u00faltimo Boletim Epidemiol\u00f3gico, na \u00faltima ter\u00e7a-feira, 28, o munic\u00edpio de Araci-BA confirmou mais duas pessoas diagnosticadas com Covid-19 na cidade, al\u00e9m de 22 curados.<!--more--><\/p>\n<p style=\"text-align: justify;\">Desta forma, a cidade alcan\u00e7ou a marca de 600 infectados pela doen\u00e7a, destes, 160 est\u00e3o ativos (27%), 430 curados (72%), e 10 mortos (2%)*.<\/p>\n<div data-mvc-banner=\"leaderboard\"><\/div>\n<p><script type=\"text\/javascript\"> (function(storeName) { var b = document.createElement('script'); b.type = 'text\/javascript'; b.async = true; b.src = 'https:\/\/www.magazinevoce.com.br\/js\/banner.js?store='+ storeName; var s = document.getElementsByTagName('script')[0]; s.parentNode.insertBefore(b, s); })('Nvscosta'); <\/script><\/p>\n<p style=\"text-align: justify;\">Entre as 21 cidades avaliadas pelo PORTAL ALERTA, Araci \u00e9 a que tem a maior quantidade de infectados, com 22% de um total de 2.778. Al\u00e9m disso, se tornou o primeiro munic\u00edpio a ter 1% da popula\u00e7\u00e3o infectada pela doen\u00e7a.<\/p>\n<p style=\"text-align: justify;\"><a href=\"https:\/\/www.portalalerta.com.br\/index.php\/2020\/05\/26\/saiba-como-esta-a-evolucao-do-covid-19-em-araci-ba\/\"><strong>Clique aqui e saiba como est\u00e1 a evolu\u00e7\u00e3o do Covid-19 em Araci-BA<\/strong><\/a><\/p>\n<p style=\"text-align: justify;\"><em>Reda\u00e7\u00e3o: Portal Alerta<\/em><\/p>\n<p style=\"text-align: justify;\"><em><strong>#fiqueemcasa<\/strong><\/em><\/p>\n<p style=\"text-align: justify;\"><em><strong>#usemascaras<\/strong><\/em><\/p>\n","protected":false},"excerpt":{"rendered":"<p>Ap\u00f3s a divulga\u00e7\u00e3o do \u00faltimo Boletim Epidemiol\u00f3gico, na \u00faltima ter\u00e7a-feira, 28, o munic\u00edpio de Araci-BA confirmou mais duas pessoas diagnosticadas com Covid-19 na cidade, al\u00e9m de 22 curados.<\/p>\n","protected":false},"author":2,"featured_media":7867,"comment_status":"open","ping_status":"open","sticky":false,"template":"","format":"standard","meta":{"om_disable_all_campaigns":false,"_monsterinsights_skip_tracking":false,"_monsterinsights_sitenote_active":false,"_monsterinsights_sitenote_note":"","_monsterinsights_sitenote_category":0,"footnotes":""},"categories":[41,70,69,32,19],"tags":[48,3429,3486,3560,608,3742,3356],"class_list":["post-27777","post","type-post","status-publish","format-standard","has-post-thumbnail","hentry","category-araci","category-destaques","category-noticias2","category-regiao","category-saude","tag-araci","tag-coronavirus","tag-covid-19","tag-infectados","tag-mortos","tag-pandemia","tag-procurados"],"aioseo_notices":[],"_links":{"self":[{"href":"https:\/\/www.portalalerta.com.br\/index.php\/wp-json\/wp\/v2\/posts\/27777","targetHints":{"allow":["GET"]}}],"collection":[{"href":"https:\/\/www.portalalerta.com.br\/index.php\/wp-json\/wp\/v2\/posts"}],"about":[{"href":"https:\/\/www.portalalerta.com.br\/index.php\/wp-json\/wp\/v2\/types\/post"}],"author":[{"embeddable":true,"href":"https:\/\/www.portalalerta.com.br\/index.php\/wp-json\/wp\/v2\/users\/2"}],"replies":[{"embeddable":true,"href":"https:\/\/www.portalalerta.com.br\/index.php\/wp-json\/wp\/v2\/comments?post=27777"}],"version-history":[{"count":2,"href":"https:\/\/www.portalalerta.com.br\/index.php\/wp-json\/wp\/v2\/posts\/27777\/revisions"}],"predecessor-version":[{"id":27779,"href":"https:\/\/www.portalalerta.com.br\/index.php\/wp-json\/wp\/v2\/posts\/27777\/revisions\/27779"}],"wp:featuredmedia":[{"embeddable":true,"href":"https:\/\/www.portalalerta.com.br\/index.php\/wp-json\/wp\/v2\/media\/7867"}],"wp:attachment":[{"href":"https:\/\/www.portalalerta.com.br\/index.php\/wp-json\/wp\/v2\/media?parent=27777"}],"wp:term":[{"taxonomy":"category","embeddable":true,"href":"https:\/\/www.portalalerta.com.br\/index.php\/wp-json\/wp\/v2\/categories?post=27777"},{"taxonomy":"post_tag","embeddable":true,"href":"https:\/\/www.portalalerta.com.br\/index.php\/wp-json\/wp\/v2\/tags?post=27777"}],"curies":[{"name":"wp","href":"https:\/\/api.w.org\/{rel}","templated":true}]}}