{"id":2778,"date":"2017-11-25T00:53:46","date_gmt":"2017-11-25T02:53:46","guid":{"rendered":"http:\/\/www.portalalerta.com.br\/?p=2778"},"modified":"2017-11-28T01:42:04","modified_gmt":"2017-11-28T03:42:04","slug":"brasil-se-aproxima-de-metas-da-onu-para-controle-de-hiv-ate-2020","status":"publish","type":"post","link":"https:\/\/www.portalalerta.com.br\/index.php\/2017\/11\/25\/brasil-se-aproxima-de-metas-da-onu-para-controle-de-hiv-ate-2020\/","title":{"rendered":"Brasil se aproxima de metas da ONU para controle de HIV at\u00e9 2020"},"content":{"rendered":"<div class=\"row content-head\">\n<div class=\"column medium-centered medium-17 large-14 xlarge-16\">\n<h2 class=\"content-head__subtitle\">Relat\u00f3rio divulgado pelo Minist\u00e9rio da Sa\u00fade aponta que 84% das pessoas diagnosticadas com HIV est\u00e3o em tratamento. Percentual se aproxima de meta da Organiza\u00e7\u00e3o das Na\u00e7\u00f5es Unidas de combate \u00e0 Aids.<\/h2>\n<\/div>\n<\/div>\n<div class=\"row content-share-bar\">\n<div class=\"column medium-centered medium-22 large-20 content-share-bar__container\">\n<div id=\"share-bar\" class=\"share-bar share-bar-container share-theme-minimal share-bar-container share-theme-minimal\" data-url=\"https:\/\/g1.globo.com\/bemestar\/noticia\/brasil-se-aproxima-de-metas-da-onu-para-controle-de-hiv-ate-2020.ghtml\" data-title=\"Brasil se aproxima de metas da ONU para controle de HIV at\u00e9 2020\" data-image-url=\"https:\/\/s2.glbimg.com\/wg0tLrXE_Uo5q1GX7_oGqV8segE=\/1200x\/smart\/filters:cover():strip_icc()\/i.s3.glbimg.com\/v1\/AUTH_59edd422c0c84a879bd37670ae4f538a\/internal_photos\/bs\/2017\/0\/3\/NEKlB8QlmGYp6uUfQbjw\/adelleministeriodasaude.jpeg\">\n<div class=\"share-button share-twitter share-small\">\n<div class=\"mc-column content-text active-extra-styles active-capital-letter\" data-block-type=\"unstyled\" data-block-weight=\"59\" data-block-id=\"2\">\n<p class=\"content-text__container theme-color-primary-first-letter\" data-track-category=\"Link no Texto\" data-track-links=\"\">Dados do Relat\u00f3rio de Monitoramento Cl\u00ednico do HIV, do Minist\u00e9rio da Sa\u00fade, divulgados nesta sexta-feira (24) apontam que o Brasil obteve avan\u00e7os no diagn\u00f3stico, tratamento e controle do v\u00edrus nos \u00faltimos quatro anos. At\u00e9 2016, o pa\u00eds tinha 84% das pessoas diganosticadas com o v\u00edrus em tratamento. O documento avalia metas da Organiza\u00e7\u00e3o das Na\u00e7\u00f5es Unidas (ONU) para 2020.<\/p>\n<\/div>\n<div class=\"mc-column content-text active-extra-styles \" data-block-type=\"unstyled\" data-block-weight=\"41\" data-block-id=\"3\">\n<p class=\"content-text__container \" data-track-category=\"Link no Texto\" data-track-links=\"\">Com dados de 2012 a 30 de junho de 2017, o relat\u00f3rio mostra que o Brasil aumentou em 18% o \u00edndice de diagn\u00f3stico de pessoas portadoras do v\u00edrus HIV e, em 15% a quantidade de soropositivos que fazem tratamento m\u00e9dico regular.<\/p>\n<\/div>\n<div class=\"mc-column content-text active-extra-styles \" data-block-type=\"unstyled\" data-block-weight=\"47\" data-block-id=\"4\">\n<p class=\"content-text__container \" data-track-category=\"Link no Texto\" data-track-links=\"\">Os percentuais, segundo o minist\u00e9rio, n\u00e3o representam um aumento real no n\u00famero de infec\u00e7\u00f5es, mas \u201cindicam que as novas tecnologias de testes r\u00e1pidos t\u00eam aumentado a cobertura\u201d, explicou Adele Benzaken, diretora do Departamento de Infec\u00e7\u00f5es Sexualmente Transmiss\u00edveis IST, HIV, Aids e Hepatites Virais do Minist\u00e9rio da Sa\u00fade.<\/p>\n<\/div>\n<div class=\"mc-column content-text active-extra-styles \" data-block-type=\"unstyled\" data-block-weight=\"25\" data-block-id=\"5\">\n<p class=\"content-text__container \" data-track-category=\"Link no Texto\" data-track-links=\"\">\u201cO Brasil, na quest\u00e3o do 90\/90\/90 est\u00e1 hoje com 84% de pessoas diagnosticadas em cima do estimado. A 6 d\u00edgitos para atingir a primeira meta.\u201d<\/p>\n<\/div>\n<div class=\"mc-column content-text active-extra-styles \" data-block-type=\"unstyled\" data-block-weight=\"55\" data-block-id=\"6\">\n<p class=\"content-text__container \" data-track-category=\"Link no Texto\" data-track-links=\"\">De acordo com o plano da ONU, os pa\u00edses signat\u00e1rios devem chegar a 2020 com 90% das pessoas que vivem com HIV testadas. Destas, 90% precisam ter aderido \u00e0 profilaxia, ou seja, ao tratamento m\u00e9dico continuado, e destas, 90% devem estar com a carga viral zerada no sangue &#8211; isso atestaria a efic\u00e1cia dos medicamentos.<\/p>\n<\/div>\n<div class=\"mc-column content-text active-extra-styles \" data-block-type=\"unstyled\" data-block-weight=\"16\" data-block-id=\"7\">\n<p class=\"content-text__container \" data-track-category=\"Link no Texto\" data-track-links=\"\">&#8220;O minist\u00e9rio reconhece que pessoa com carga viral indetect\u00e1vel n\u00e3o transmite o v\u00edrus HIV&#8221;, disse Benzaken.<\/p>\n<\/div>\n<div class=\"mc-column content-text active-extra-styles\" data-block-type=\"raw\" data-block-weight=\"1\" data-block-id=\"8\">\n<div class=\"content-intertitle\">\n<h2>Avan\u00e7os<\/h2>\n<\/div>\n<\/div>\n<div class=\"mc-column content-text active-extra-styles \" data-block-type=\"unstyled\" data-block-weight=\"54\" data-block-id=\"9\">\n<p class=\"content-text__container \" data-track-category=\"Link no Texto\" data-track-links=\"\">O Minist\u00e9rio da Sa\u00fade estima que 830 mil brasileiros tenham HIV. Segundo o relat\u00f3rio da pasta, 84% foram diagnosticadas com o v\u00edrus &#8211; o equivalente a 694 mil pessoas &#8211; e 72% est\u00e3o em tratamento. Destas, 91% j\u00e1 est\u00e3o com carga viral suprimida, as chamadas \u201cpessoas indetect\u00e1veis\u201d, que, segundo Benzaken, n\u00e3o transmitem o v\u00edrus.<\/p>\n<\/div>\n<div class=\"mc-column content-text active-extra-styles \" data-block-type=\"unstyled\" data-block-weight=\"48\" data-block-id=\"10\">\n<p class=\"content-text__container \" data-track-category=\"Link no Texto\" data-track-links=\"\">&#8220;Essas pessoas em tratamento est\u00e3o no sistema p\u00fablico de sa\u00fade, com recurso nacional. Em qualquer outro pa\u00eds do mundo com esse quantitativo de pessoas, h\u00e1 financiamento externo&#8221;, destacou Adele Benzaken. &#8220;E isso s\u00f3 acontece no Brasil, porque a lei garante que toda pessoa infectada tenha acesso ao tratamento.&#8221;<\/p>\n<div class=\"mc-column content-text active-extra-styles \" data-block-type=\"unstyled\" data-block-weight=\"56\" data-block-id=\"12\">\n<p class=\"content-text__container \" data-track-category=\"Link no Texto\" data-track-links=\"\">Al\u00e9m da Meta 90\/90\/90, tamb\u00e9m \u00e9 inten\u00e7\u00e3o do governo federal que o Brasil elimine a Aids at\u00e9 2030. Segundo Benzaken, para isso acontecer \u00e9 preciso que atingir taxas m\u00ednimas de contamina\u00e7\u00e3o viral no pa\u00eds, que pode ser alcan\u00e7anda tanto por pol\u00edticas de preven\u00e7\u00e3o ao v\u00edrus, quanto pelo tratamento regular, que reduz a carga viral no sangue.<\/p>\n<\/div>\n<div data-track-category=\"fim do conteudo\" data-track-action=\"ultimo chunk conteudo\" data-track-noninteraction=\"false\" data-track-scroll=\"entrada completa viewport\">\n<div class=\"mc-column content-text active-extra-styles \" data-block-type=\"unstyled\" data-block-weight=\"9\" data-block-id=\"13\">\n<p class=\"content-text__container \" data-track-category=\"Link no Texto\" data-track-links=\"\">&#8220;A erradica\u00e7\u00e3o s\u00f3 vai acontecer quando tivermos uma vacina.&#8221;<\/p>\n<\/div>\n<\/div>\n<\/div>\n<\/div>\n<\/div>\n<\/div>\n<\/div>\n","protected":false},"excerpt":{"rendered":"<p>Relat\u00f3rio divulgado pelo Minist\u00e9rio da Sa\u00fade aponta que 84% das pessoas diagnosticadas com HIV est\u00e3o em tratamento. Percentual se aproxima de meta da Organiza\u00e7\u00e3o das Na\u00e7\u00f5es Unidas de combate \u00e0 Aids. Dados do Relat\u00f3rio de Monitoramento Cl\u00ednico do HIV, do Minist\u00e9rio da Sa\u00fade, divulgados nesta sexta-feira (24) apontam que o Brasil obteve avan\u00e7os no diagn\u00f3stico, &hellip;<\/p>\n","protected":false},"author":1,"featured_media":2912,"comment_status":"closed","ping_status":"open","sticky":false,"template":"","format":"standard","meta":{"om_disable_all_campaigns":false,"_monsterinsights_skip_tracking":false,"_monsterinsights_sitenote_active":false,"_monsterinsights_sitenote_note":"","_monsterinsights_sitenote_category":0,"footnotes":""},"categories":[19],"tags":[],"class_list":["post-2778","post","type-post","status-publish","format-standard","has-post-thumbnail","hentry","category-saude"],"aioseo_notices":[],"_links":{"self":[{"href":"https:\/\/www.portalalerta.com.br\/index.php\/wp-json\/wp\/v2\/posts\/2778","targetHints":{"allow":["GET"]}}],"collection":[{"href":"https:\/\/www.portalalerta.com.br\/index.php\/wp-json\/wp\/v2\/posts"}],"about":[{"href":"https:\/\/www.portalalerta.com.br\/index.php\/wp-json\/wp\/v2\/types\/post"}],"author":[{"embeddable":true,"href":"https:\/\/www.portalalerta.com.br\/index.php\/wp-json\/wp\/v2\/users\/1"}],"replies":[{"embeddable":true,"href":"https:\/\/www.portalalerta.com.br\/index.php\/wp-json\/wp\/v2\/comments?post=2778"}],"version-history":[{"count":0,"href":"https:\/\/www.portalalerta.com.br\/index.php\/wp-json\/wp\/v2\/posts\/2778\/revisions"}],"wp:featuredmedia":[{"embeddable":true,"href":"https:\/\/www.portalalerta.com.br\/index.php\/wp-json\/wp\/v2\/media\/2912"}],"wp:attachment":[{"href":"https:\/\/www.portalalerta.com.br\/index.php\/wp-json\/wp\/v2\/media?parent=2778"}],"wp:term":[{"taxonomy":"category","embeddable":true,"href":"https:\/\/www.portalalerta.com.br\/index.php\/wp-json\/wp\/v2\/categories?post=2778"},{"taxonomy":"post_tag","embeddable":true,"href":"https:\/\/www.portalalerta.com.br\/index.php\/wp-json\/wp\/v2\/tags?post=2778"}],"curies":[{"name":"wp","href":"https:\/\/api.w.org\/{rel}","templated":true}]}}