{"id":27791,"date":"2020-07-30T08:11:33","date_gmt":"2020-07-30T11:11:33","guid":{"rendered":"https:\/\/www.portalalerta.com.br\/?p=27791"},"modified":"2020-07-30T08:11:33","modified_gmt":"2020-07-30T11:11:33","slug":"vacina-contra-coronavirus-empresa-inicia-novos-testes-e-espera-ter-vacina-em-outubro","status":"publish","type":"post","link":"https:\/\/www.portalalerta.com.br\/index.php\/2020\/07\/30\/vacina-contra-coronavirus-empresa-inicia-novos-testes-e-espera-ter-vacina-em-outubro\/","title":{"rendered":"Vacina contra coronav\u00edrus: Empresa inicia novos testes e espera ter vacina em outubro"},"content":{"rendered":"<p style=\"text-align: justify;\">A farmac\u00eautica Pfizer e a empresa alem\u00e3 BioNTech anunciaram, na noite de segunda-feira (27), o in\u00edcio da segunda e terceira fase, ao mesmo tempo, de sua vacina candidata \u00e0 imuniza\u00e7\u00e3o contra o\u00a0novo coronav\u00edrus<strong>.<\/strong><!--more--><\/p>\n<p style=\"text-align: justify;\">Os testes ser\u00e3o feitos nos Estados Unidos e as novas fases fazem parte de um estudo global que incluir\u00e1 at\u00e9 30 mil volunt\u00e1rios moradores de outros pa\u00edses como Brasil, Alemanha e Argentina. O Brasil j\u00e1 anunciou que far\u00e1 parte da pesquisa.<\/p>\n<p style=\"text-align: justify;\">A<img fetchpriority=\"high\" decoding=\"async\" class=\"size-thumbnail wp-image-9394 alignleft\" src=\"https:\/\/www.portalalerta.com.br\/wp-content\/uploads\/2018\/07\/05elab-320x240.jpg\" alt=\"\" width=\"320\" height=\"240\" srcset=\"https:\/\/www.portalalerta.com.br\/wp-content\/uploads\/2018\/07\/05elab-320x240.jpg 320w, https:\/\/www.portalalerta.com.br\/wp-content\/uploads\/2018\/07\/05elab-195x146.jpg 195w, https:\/\/www.portalalerta.com.br\/wp-content\/uploads\/2018\/07\/05elab-50x38.jpg 50w, https:\/\/www.portalalerta.com.br\/wp-content\/uploads\/2018\/07\/05elab-100x75.jpg 100w, https:\/\/www.portalalerta.com.br\/wp-content\/uploads\/2018\/07\/05elab.jpg 400w\" sizes=\"(max-width: 320px) 100vw, 320px\" \/>s empresas informaram que pretendem registrar a vacina na ag\u00eancia de regulamenta\u00e7\u00e3o norte-americana ainda em outubro deste ano, caso os resultados sejam positivos. Ou seja, a expectativa \u00e9 de que a primeira vacina contra a Covid-19 seja lan\u00e7ada ainda este ano.<\/p>\n<p style=\"text-align: justify;\">Segundo as empresas, h\u00e1 capacidade para produzir 100 milh\u00f5es de doses do m\u00e9todo de imuniza\u00e7\u00e3o at\u00e9 dezembro de 2020 e 1,3 bilh\u00e3o at\u00e9 o final de 2021.<\/p>\n<p style=\"text-align: justify;\">O estudo nas duas fases ter\u00e1 a participa\u00e7\u00e3o de cerca de 30 mil pessoas com idades entre 18 e 85 anos e testar\u00e1 tanto a efic\u00e1cia como o n\u00edvel de seguran\u00e7a da imuniza\u00e7\u00e3o.<\/p>\n<p style=\"text-align: justify;\">No an\u00fancio feito na segunda-feira, a Pfizer e BioNTech anunciaram que optaram pela BNT 162b2 como sua candidata mais promissora, descartando os testes em larga escala da BNT 162b1. O motivo, segundo o CEO da BioNTech, foi porque a primeira vacina apresentou uma melhor &#8220;avalia\u00e7\u00e3o dos dados gerados at\u00e9 agora&#8221;.<\/p>\n<p style=\"text-align: justify;\">Ele ainda afirmou que continuar\u00e3o &#8220;a avaliar nossas outras vacinas candidatas como parte de um portf\u00f3lio diferenciado das vacinas contra Covid-19&#8221;.<\/p>\n<p style=\"text-align: justify;\">Diversas empresas est\u00e3o optando por acelerar as duas fases finais de testes devido a gravidade da pandemia do novo coronav\u00edrus. Segundo especialistas, em um procedimento normal, seriam realizadas de maneira separada.<\/p>\n<p style=\"text-align: justify;\">H\u00e1 uma semana a Ag\u00eancia Nacional de Vigil\u00e2ncia Sanit\u00e1ria (Anvisa) aprovou\u00a0o in\u00edcio dos testes das vacinas desenvolvidas pela Pfizer e pela BioNTech no Brasil, que v\u00e3o ocorrer em S\u00e3o Paulo e na Bahia, com mil volunt\u00e1rios ao todo.<\/p>\n<p style=\"text-align: justify;\"><em>Fonte: Yahoo Not\u00edcias<\/em><\/p>\n","protected":false},"excerpt":{"rendered":"<p>A farmac\u00eautica Pfizer e a empresa alem\u00e3 BioNTech anunciaram, na noite de segunda-feira (27), o in\u00edcio da segunda e terceira fase, ao mesmo tempo, de sua vacina candidata \u00e0 imuniza\u00e7\u00e3o contra o\u00a0novo coronav\u00edrus.<\/p>\n","protected":false},"author":2,"featured_media":21325,"comment_status":"open","ping_status":"open","sticky":false,"template":"","format":"standard","meta":{"om_disable_all_campaigns":false,"_monsterinsights_skip_tracking":false,"_monsterinsights_sitenote_active":false,"_monsterinsights_sitenote_note":"","_monsterinsights_sitenote_category":0,"footnotes":""},"categories":[70,35,69,19],"tags":[3429,3486,339,61,3570],"class_list":["post-27791","post","type-post","status-publish","format-standard","has-post-thumbnail","hentry","category-destaques","category-mundo","category-noticias2","category-saude","tag-coronavirus","tag-covid-19","tag-mundo","tag-saude","tag-vacina"],"aioseo_notices":[],"_links":{"self":[{"href":"https:\/\/www.portalalerta.com.br\/index.php\/wp-json\/wp\/v2\/posts\/27791","targetHints":{"allow":["GET"]}}],"collection":[{"href":"https:\/\/www.portalalerta.com.br\/index.php\/wp-json\/wp\/v2\/posts"}],"about":[{"href":"https:\/\/www.portalalerta.com.br\/index.php\/wp-json\/wp\/v2\/types\/post"}],"author":[{"embeddable":true,"href":"https:\/\/www.portalalerta.com.br\/index.php\/wp-json\/wp\/v2\/users\/2"}],"replies":[{"embeddable":true,"href":"https:\/\/www.portalalerta.com.br\/index.php\/wp-json\/wp\/v2\/comments?post=27791"}],"version-history":[{"count":1,"href":"https:\/\/www.portalalerta.com.br\/index.php\/wp-json\/wp\/v2\/posts\/27791\/revisions"}],"predecessor-version":[{"id":27793,"href":"https:\/\/www.portalalerta.com.br\/index.php\/wp-json\/wp\/v2\/posts\/27791\/revisions\/27793"}],"wp:featuredmedia":[{"embeddable":true,"href":"https:\/\/www.portalalerta.com.br\/index.php\/wp-json\/wp\/v2\/media\/21325"}],"wp:attachment":[{"href":"https:\/\/www.portalalerta.com.br\/index.php\/wp-json\/wp\/v2\/media?parent=27791"}],"wp:term":[{"taxonomy":"category","embeddable":true,"href":"https:\/\/www.portalalerta.com.br\/index.php\/wp-json\/wp\/v2\/categories?post=27791"},{"taxonomy":"post_tag","embeddable":true,"href":"https:\/\/www.portalalerta.com.br\/index.php\/wp-json\/wp\/v2\/tags?post=27791"}],"curies":[{"name":"wp","href":"https:\/\/api.w.org\/{rel}","templated":true}]}}