{"id":27797,"date":"2020-07-30T13:57:52","date_gmt":"2020-07-30T16:57:52","guid":{"rendered":"https:\/\/www.portalalerta.com.br\/?p=27797"},"modified":"2020-07-30T13:57:52","modified_gmt":"2020-07-30T16:57:52","slug":"toffoli-suspende-duas-investigacoes-contra-o-senador-jose-serra","status":"publish","type":"post","link":"https:\/\/www.portalalerta.com.br\/index.php\/2020\/07\/30\/toffoli-suspende-duas-investigacoes-contra-o-senador-jose-serra\/","title":{"rendered":"Toffoli suspende duas investiga\u00e7\u00f5es contra o senador Jos\u00e9 Serra"},"content":{"rendered":"<p style=\"text-align: justify;\">O presidente do Supremo Tribunal Federal, Jos\u00e9 Dias Toffoli, suspendeu nesta quarta-feira (29) duas investiga\u00e7\u00f5es contra o senador Jos\u00e9 Serra (PSDB).<!--more--><\/p>\n<p style=\"text-align: justify;\"><img fetchpriority=\"high\" decoding=\"async\" class=\"alignleft wp-image-26973 size-full\" src=\"https:\/\/www.portalalerta.com.br\/wp-content\/uploads\/2020\/07\/Carn\u00ea-Premiado-Real-2020.jpg\" alt=\"\" width=\"281\" height=\"500\" \/>Em uma delas, em que \u00e9 acusado de lavagem de dinheiro transnacional, Serra virou r\u00e9u em decis\u00e3o desta quarta-feira da 6\u00aa Vara da Justi\u00e7a Federal de S\u00e3o Paulo.<\/p>\n<p style=\"text-align: justify;\">O caso \u00e9 desdobramento da Lava Jato, que o acusa de usar cargo e influ\u00eancia politica para receber, da Odebrecht, pagamentos indevidos em troca de benef\u00edcios relacionados as obras do Rodoanel Sul.<\/p>\n<p style=\"text-align: justify;\">Os procuradores da for\u00e7a-tarefa de S\u00e3o Paulo disseram que ainda est\u00e3o analisando a decis\u00e3o e que, por enquanto, entendem que ela n\u00e3o afeta a den\u00fancia recebida pela Justi\u00e7a. Ou seja, para eles, poderia afetar as investiga\u00e7\u00f5es em andamento associadas \u00e0 opera\u00e7\u00e3o deflagrada em 3 de julho, mas n\u00e3o a a\u00e7\u00e3o penal j\u00e1 protocolada.<\/p>\n<p style=\"text-align: justify;\">Na outra apura\u00e7\u00e3o suspensa pelo presidente do Supremo, e que tramita na Justi\u00e7a Eleitoral de S\u00e3o Paulo, o senador Jos\u00e9 Serra \u00e9 investigado sob suspeita de caixa dois nas elei\u00e7\u00f5es de 2014.<\/p>\n<p style=\"text-align: justify;\"><em>Fonte: Yahoo Not\u00edcias<\/em><\/p>\n","protected":false},"excerpt":{"rendered":"<p>O presidente do Supremo Tribunal Federal, Jos\u00e9 Dias Toffoli, suspendeu nesta quarta-feira (29) duas investiga\u00e7\u00f5es contra o senador Jos\u00e9 Serra (PSDB).<\/p>\n","protected":false},"author":2,"featured_media":27798,"comment_status":"open","ping_status":"open","sticky":false,"template":"","format":"standard","meta":{"om_disable_all_campaigns":false,"_monsterinsights_skip_tracking":false,"_monsterinsights_sitenote_active":false,"_monsterinsights_sitenote_note":"","_monsterinsights_sitenote_category":0,"footnotes":""},"categories":[34,70,69,21],"tags":[93,1311,298,1000,216,748],"class_list":["post-27797","post","type-post","status-publish","format-standard","has-post-thumbnail","hentry","category-brasil","category-destaques","category-noticias2","category-politica","tag-brasil","tag-dias-toffoli","tag-investigacao","tag-jose-serra","tag-stf","tag-suspensao"],"aioseo_notices":[],"_links":{"self":[{"href":"https:\/\/www.portalalerta.com.br\/index.php\/wp-json\/wp\/v2\/posts\/27797","targetHints":{"allow":["GET"]}}],"collection":[{"href":"https:\/\/www.portalalerta.com.br\/index.php\/wp-json\/wp\/v2\/posts"}],"about":[{"href":"https:\/\/www.portalalerta.com.br\/index.php\/wp-json\/wp\/v2\/types\/post"}],"author":[{"embeddable":true,"href":"https:\/\/www.portalalerta.com.br\/index.php\/wp-json\/wp\/v2\/users\/2"}],"replies":[{"embeddable":true,"href":"https:\/\/www.portalalerta.com.br\/index.php\/wp-json\/wp\/v2\/comments?post=27797"}],"version-history":[{"count":1,"href":"https:\/\/www.portalalerta.com.br\/index.php\/wp-json\/wp\/v2\/posts\/27797\/revisions"}],"predecessor-version":[{"id":27799,"href":"https:\/\/www.portalalerta.com.br\/index.php\/wp-json\/wp\/v2\/posts\/27797\/revisions\/27799"}],"wp:featuredmedia":[{"embeddable":true,"href":"https:\/\/www.portalalerta.com.br\/index.php\/wp-json\/wp\/v2\/media\/27798"}],"wp:attachment":[{"href":"https:\/\/www.portalalerta.com.br\/index.php\/wp-json\/wp\/v2\/media?parent=27797"}],"wp:term":[{"taxonomy":"category","embeddable":true,"href":"https:\/\/www.portalalerta.com.br\/index.php\/wp-json\/wp\/v2\/categories?post=27797"},{"taxonomy":"post_tag","embeddable":true,"href":"https:\/\/www.portalalerta.com.br\/index.php\/wp-json\/wp\/v2\/tags?post=27797"}],"curies":[{"name":"wp","href":"https:\/\/api.w.org\/{rel}","templated":true}]}}