{"id":27800,"date":"2020-07-30T14:03:16","date_gmt":"2020-07-30T17:03:16","guid":{"rendered":"https:\/\/www.portalalerta.com.br\/?p=27800"},"modified":"2020-07-30T14:03:16","modified_gmt":"2020-07-30T17:03:16","slug":"governo-prorroga-restricoes-a-entrada-de-estrangeiros","status":"publish","type":"post","link":"https:\/\/www.portalalerta.com.br\/index.php\/2020\/07\/30\/governo-prorroga-restricoes-a-entrada-de-estrangeiros\/","title":{"rendered":"Governo prorroga restri\u00e7\u00f5es \u00e0 entrada de estrangeiros"},"content":{"rendered":"<p style=\"text-align: justify;\">Portaria conjunta assinada pela Casa Civil e os minist\u00e9rios da Sa\u00fade, Infraestrutura, Justi\u00e7a e Seguran\u00e7a P\u00fablica prorroga, por 30 dias, as\u00a0restri\u00e7\u00f5es \u00e0 entrada de estrangeiros\u00a0no Brasil, de qualquer nacionalidade, \u201cpor rodovias, por outros meios terrestres ou por transporte aquavi\u00e1rio.\u201d<!--more--><\/p>\n<p style=\"text-align: justify;\">A norma publicada em edi\u00e7\u00e3o extra do\u00a0<a href=\"http:\/\/www.in.gov.br\/web\/dou\/-\/portaria-cc-pr\/mjsp\/minfra\/ms-n-1-de-29-de-julho-de-2020-269235614\"><strong><em>Di\u00e1rio Oficial da Uni\u00e3o<\/em><\/strong><\/a>\u00a0atende a recomenda\u00e7\u00e3o da Ag\u00eancia Nacional de Vigil\u00e2ncia Sanit\u00e1ria (Anvisa) por causa da pandemia do novo coronav\u00edrus.<\/p>\n<p style=\"text-align: justify;\">As restri\u00e7\u00f5es n\u00e3o se aplicam, no entanto, a brasileiro, nato ou naturalizado, regresso de viagem, imigrante com resid\u00eancia de car\u00e1ter definitivo, por prazo determinado ou indeterminado, profissional estrangeiro em miss\u00e3o a servi\u00e7o de organismo internacional, e estrangeiro que seja \u201cc\u00f4njuge, companheiro, filho, pai ou curador de brasileiro\u201d, ou \u201ccujo ingresso seja autorizado especificamente pelo governo brasileiro em vista do interesse p\u00fablico ou por quest\u00f5es humanit\u00e1rias\u201d ou seja ainda \u201cportador de Registro Nacional Migrat\u00f3rio\u201d.<\/p>\n<div data-mvc-banner=\"leaderboard\"><\/div>\n<p><script type=\"text\/javascript\"> (function(storeName) { var b = document.createElement('script'); b.type = 'text\/javascript'; b.async = true; b.src = 'https:\/\/www.magazinevoce.com.br\/js\/banner.js?store='+ storeName; var s = document.getElementsByTagName('script')[0]; s.parentNode.insertBefore(b, s); })('Nvscosta'); <\/script><\/p>\n<p style=\"text-align: justify;\">As exce\u00e7\u00f5es quanto \u00e0 imigrante com resid\u00eancia ou estrangeiro c\u00f4njuge, companheiro, filho, pai ou curador de brasileiro e portador de Registro Nacional Migrat\u00f3rio \u201cn\u00e3o se aplicam a estrangeiros provenientes da Rep\u00fablica Bolivariana da Venezuela.\u201d<\/p>\n<p style=\"text-align: justify;\">A medida n\u00e3o impede ingresso, por via a\u00e9rea ou aquavi\u00e1ria, de tripula\u00e7\u00e3o mar\u00edtima para exerc\u00edcio de fun\u00e7\u00f5es espec\u00edficas a bordo de embarca\u00e7\u00e3o ou plataforma em opera\u00e7\u00e3o em \u00e1guas jurisdicionais, \u201cdesde que obedecidos os requisitos migrat\u00f3rios adequados \u00e0 sua condi\u00e7\u00e3o, inclusive o de portar visto de entrada, quando este for exigido pelo ordenamento jur\u00eddico brasileiro.\u201d<\/p>\n<p style=\"text-align: justify;\">N\u00e3o h\u00e1 restri\u00e7\u00f5es tamb\u00e9m quanto ao desembarque, \u201cautorizado pela Pol\u00edcia Federal\u201d, das tripula\u00e7\u00f5es mar\u00edtimas \u201cpara assist\u00eancia m\u00e9dica ou para conex\u00e3o de retorno a\u00e9reo ao pa\u00eds de origem relacionada a quest\u00f5es operacionais ou a t\u00e9rmino de contrato de trabalho.\u201d<\/p>\n<p style=\"text-align: justify;\"><em>Fonte: Yahoo Not\u00edcias<\/em><\/p>\n","protected":false},"excerpt":{"rendered":"<p>Portaria conjunta assinada pela Casa Civil e os minist\u00e9rios da Sa\u00fade, Infraestrutura, Justi\u00e7a e Seguran\u00e7a P\u00fablica prorroga, por 30 dias, as\u00a0restri\u00e7\u00f5es \u00e0 entrada de estrangeiros\u00a0no Brasil, de qualquer nacionalidade, \u201cpor rodovias, por outros meios terrestres ou por transporte aquavi\u00e1rio.\u201d<\/p>\n","protected":false},"author":2,"featured_media":27801,"comment_status":"open","ping_status":"open","sticky":false,"template":"","format":"standard","meta":{"om_disable_all_campaigns":false,"_monsterinsights_skip_tracking":false,"_monsterinsights_sitenote_active":false,"_monsterinsights_sitenote_note":"","_monsterinsights_sitenote_category":0,"footnotes":""},"categories":[34,70,35,69,19],"tags":[93,3429,3486,3821,339,61],"class_list":["post-27800","post","type-post","status-publish","format-standard","has-post-thumbnail","hentry","category-brasil","category-destaques","category-mundo","category-noticias2","category-saude","tag-brasil","tag-coronavirus","tag-covid-19","tag-estrangeiros","tag-mundo","tag-saude"],"aioseo_notices":[],"_links":{"self":[{"href":"https:\/\/www.portalalerta.com.br\/index.php\/wp-json\/wp\/v2\/posts\/27800","targetHints":{"allow":["GET"]}}],"collection":[{"href":"https:\/\/www.portalalerta.com.br\/index.php\/wp-json\/wp\/v2\/posts"}],"about":[{"href":"https:\/\/www.portalalerta.com.br\/index.php\/wp-json\/wp\/v2\/types\/post"}],"author":[{"embeddable":true,"href":"https:\/\/www.portalalerta.com.br\/index.php\/wp-json\/wp\/v2\/users\/2"}],"replies":[{"embeddable":true,"href":"https:\/\/www.portalalerta.com.br\/index.php\/wp-json\/wp\/v2\/comments?post=27800"}],"version-history":[{"count":1,"href":"https:\/\/www.portalalerta.com.br\/index.php\/wp-json\/wp\/v2\/posts\/27800\/revisions"}],"predecessor-version":[{"id":27802,"href":"https:\/\/www.portalalerta.com.br\/index.php\/wp-json\/wp\/v2\/posts\/27800\/revisions\/27802"}],"wp:featuredmedia":[{"embeddable":true,"href":"https:\/\/www.portalalerta.com.br\/index.php\/wp-json\/wp\/v2\/media\/27801"}],"wp:attachment":[{"href":"https:\/\/www.portalalerta.com.br\/index.php\/wp-json\/wp\/v2\/media?parent=27800"}],"wp:term":[{"taxonomy":"category","embeddable":true,"href":"https:\/\/www.portalalerta.com.br\/index.php\/wp-json\/wp\/v2\/categories?post=27800"},{"taxonomy":"post_tag","embeddable":true,"href":"https:\/\/www.portalalerta.com.br\/index.php\/wp-json\/wp\/v2\/tags?post=27800"}],"curies":[{"name":"wp","href":"https:\/\/api.w.org\/{rel}","templated":true}]}}