{"id":2781,"date":"2017-11-25T00:58:01","date_gmt":"2017-11-25T02:58:01","guid":{"rendered":"http:\/\/www.portalalerta.com.br\/?p=2781"},"modified":"2017-11-25T00:58:01","modified_gmt":"2017-11-25T02:58:01","slug":"beber-tres-xicaras-de-cafe-por-dia-pode-ser-melhor-que-ficar-sem-a-bebida-afirmam-pesquisadores","status":"publish","type":"post","link":"https:\/\/www.portalalerta.com.br\/index.php\/2017\/11\/25\/beber-tres-xicaras-de-cafe-por-dia-pode-ser-melhor-que-ficar-sem-a-bebida-afirmam-pesquisadores\/","title":{"rendered":"Beber tr\u00eas x\u00edcaras de caf\u00e9 por dia pode ser melhor que ficar sem a bebida, afirmam pesquisadores"},"content":{"rendered":"<h2 class=\"content-head__subtitle\">Estudo conduzido no Reino Unido aponta benef\u00edcios do consumo moderado de caf\u00e9, mas pesquisadores alertam serem necess\u00e1rias mais an\u00e1lises para entender se a cafe\u00edna sozinha \u00e9 capaz de reduzir doen\u00e7as card\u00edacas e alguns tipos de c\u00e2ncer.<\/h2>\n<p>&nbsp;<\/p>\n<div class=\"mc-column content-text active-extra-styles active-capital-letter\" data-block-type=\"unstyled\" data-block-weight=\"35\" data-block-id=\"2\">\n<p class=\"content-text__container theme-color-primary-first-letter\" data-track-category=\"Link no Texto\" data-track-links=\"\">studo publicado no British Medical Journal, importante revista acad\u00eamica de medicina do Reino Unido, aponta que beber uma quantidade moderada de caf\u00e9 todos os dias pode ser melhor que ficar sem ingerir nada de caf\u00e9.<\/p>\n<\/div>\n<div class=\"mc-column content-text active-extra-styles \" data-block-type=\"unstyled\" data-block-weight=\"25\" data-block-id=\"3\">\n<p class=\"content-text__container \" data-track-category=\"Link no Texto\" data-track-links=\"\">O consumo de tr\u00eas ou quatro x\u00edcaras diariamente est\u00e1 associado a uma menor probabilidade de desenvolver problemas cardiovasculares como ataques do cora\u00e7\u00e3o e derrames cerebrais.<\/p>\n<\/div>\n<div class=\"mc-column content-text active-extra-styles \" data-block-type=\"unstyled\" data-block-weight=\"36\" data-block-id=\"4\">\n<p class=\"content-text__container \" data-track-category=\"Link no Texto\" data-track-links=\"\">Se comparados aos que n\u00e3o bebem caf\u00e9, o risco de desenvolver doen\u00e7a card\u00edaca para os que consomem regularmente a bebida \u00e9 19% menor. No caso de morte por derrame, o risco chega a ser 30% menor.<\/p>\n<\/div>\n<div class=\"mc-column content-text active-extra-styles \" data-block-type=\"unstyled\" data-block-weight=\"24\" data-block-id=\"5\">\n<p class=\"content-text__container \" data-track-category=\"Link no Texto\" data-track-links=\"\">Tamb\u00e9m h\u00e1 uma associa\u00e7\u00e3o positiva entre o consumo de caf\u00e9 e um menor risco de desenvolver alguns tipos de c\u00e2ncer e doen\u00e7as do f\u00edgado.<\/p>\n<\/div>\n<div class=\"mc-column content-text active-extra-styles \" data-block-type=\"unstyled\" data-block-weight=\"32\" data-block-id=\"6\">\n<p class=\"content-text__container \" data-track-category=\"Link no Texto\" data-track-links=\"\">As evid\u00eancias, contudo, indicam que mulheres gr\u00e1vidas e as propensas a fraturas \u00f3sseas devem evitar a ingest\u00e3o de cafe\u00edna uma vez que, para esses dois grupos, foram identificados mais malef\u00edcios que benef\u00edcios.<\/p>\n<\/div>\n<div class=\"mc-column content-text active-extra-styles \" data-block-type=\"unstyled\" data-block-weight=\"29\" data-block-id=\"7\">\n<p class=\"content-text__container \" data-track-category=\"Link no Texto\" data-track-links=\"\">O estudo faz uma an\u00e1lise estat\u00edstica de 218 pesquisas anteriores, que apresentaram mais de 70 resultados diferentes, e foi conduzido na faculdade de medicina de Southampton, no Reino Unido.<\/p>\n<\/div>\n<div class=\"mc-column content-text active-extra-styles \" data-block-type=\"unstyled\" data-block-weight=\"47\" data-block-id=\"8\">\n<p class=\"content-text__container \" data-track-category=\"Link no Texto\" data-track-links=\"\">Apesar de apontar que beber uma quantidade moderada \u00e9 melhor que ficar sem caf\u00e9, os pesquisadores alertam que as pessoas n\u00e3o devem come\u00e7ar a consumir a bebida apenas se pretendem evitar doen\u00e7as. E esque\u00e7a acompanhamentos! Os pesquisadores aconselham evitar cremes e bolos que normalmente acompanham a bebida.<\/p>\n<\/div>\n<div class=\"mc-column content-text active-extra-styles \" data-block-type=\"unstyled\" data-block-weight=\"33\" data-block-id=\"9\">\n<p class=\"content-text__container \" data-track-category=\"Link no Texto\" data-track-links=\"\">O professor Paul Roderick, coautor do estudo, pondera que, apesar da associa\u00e7\u00e3o positiva apontada pelos diferentes estudos, n\u00e3o \u00e9 poss\u00edvel afirmar que o caf\u00e9 \u00e9 o principal respons\u00e1vel pela menor incid\u00eancia de doen\u00e7as.<\/p>\n<\/div>\n<div class=\"mc-column content-text active-extra-styles \" data-block-type=\"unstyled\" data-block-weight=\"23\" data-block-id=\"10\">\n<p class=\"content-text__container \" data-track-category=\"Link no Texto\" data-track-links=\"\">Fatores como idade, tabagismo e pr\u00e1tica de exerc\u00edcio f\u00edsico, explica Roderick, podem tamb\u00e9m ter efeito no maior ou menor risco de desenvolver doen\u00e7as.<\/p>\n<\/div>\n<div class=\"mc-column content-text active-extra-styles \" data-block-type=\"unstyled\" data-block-weight=\"18\" data-block-id=\"11\">\n<p class=\"content-text__container \" data-track-category=\"Link no Texto\" data-track-links=\"\">As descobertas respaldaram outras pesquisas recentes e trazem uma mensagem reconfortante para os que gostam de tomar caf\u00e9.<\/p>\n<\/div>\n<div class=\"content-ads content-ads--reveal\" data-block-type=\"ads\" data-block-id=\"12\">\n<div id=\"banner_materia2\" class=\"tag-manager-publicidade-container has-reveal has-ad-lazyload tag-manager-publicidade-banner_materia2 tag-manager-publicidade-container--carregado tag-manager-publicidade-container--visivel\" data-id=\"banner_materia2\" data-google-query-id=\"CL-B7Njc2NcCFcyjUQodvCIL3g\" data-cid=\"138218108132\" data-lid=\"4490348300\">\n<div id=\"google_ads_iframe_\/95377733\/tvg_G1\/Bem_Estar_2__container__\">&#8220;Os benef\u00edcios do consumo moderado de caf\u00e9 parecem superar os riscos&#8221;, diz o professor.<\/div>\n<\/div>\n<\/div>\n<div class=\"mc-column content-text active-extra-styles \" data-block-type=\"unstyled\" data-block-weight=\"31\" data-block-id=\"14\">\n<p class=\"content-text__container \" data-track-category=\"Link no Texto\" data-track-links=\"\">O NHS, servi\u00e7o p\u00fablico de sa\u00fade do Reino Unido, recomenda que mulheres gr\u00e1vidas n\u00e3o consumam mais que 200 miligramas de cafe\u00edna por dia. Isso equivale a duas canecas de caf\u00e9 sol\u00favel.<\/p>\n<\/div>\n<div class=\"mc-column content-media content-media--normal content-photo\" data-block-type=\"backstage-photo\" data-block-id=\"15\">\n<div class=\"content-media__container\">\n<div class=\"content-media__image-centered\">\n<div class=\"progressive-img can-open-lightbox\" data-min-size=\"1008x631\" data-min-size-url=\"https:\/\/s2.glbimg.com\/ej_bSWvFQFKj_02Oo6CCJnUEwdU=\/0x0:1700x1065\/1008x0\/smart\/filters:strip_icc()\/i.s3.glbimg.com\/v1\/AUTH_59edd422c0c84a879bd37670ae4f538a\/internal_photos\/bs\/2017\/e\/o\/hrg0axQAmYWC5DfAWyFQ\/coffee-2458280-1920.jpg\" data-max-size=\"1600x1002\" data-max-size-url=\"https:\/\/s2.glbimg.com\/poWL3hJ8k4hAZ6a5GUlw-hsvuLM=\/0x0:1700x1065\/1600x0\/smart\/filters:strip_icc()\/i.s3.glbimg.com\/v1\/AUTH_59edd422c0c84a879bd37670ae4f538a\/internal_photos\/bs\/2017\/e\/o\/hrg0axQAmYWC5DfAWyFQ\/coffee-2458280-1920.jpg\" data-media-index=\"1\">\n<div class=\"placeholder-container\"><\/div>\n<picture><source srcset=\"https:\/\/s2.glbimg.com\/O1CTy8IA8DYAFS7HHGgtuKRVQD0=\/0x0:1700x1065\/984x0\/smart\/filters:strip_icc()\/i.s3.glbimg.com\/v1\/AUTH_59edd422c0c84a879bd37670ae4f538a\/internal_photos\/bs\/2017\/e\/o\/hrg0axQAmYWC5DfAWyFQ\/coffee-2458280-1920.jpg\" data-src=\"https:\/\/s2.glbimg.com\/O1CTy8IA8DYAFS7HHGgtuKRVQD0=\/0x0:1700x1065\/984x0\/smart\/filters:strip_icc()\/i.s3.glbimg.com\/v1\/AUTH_59edd422c0c84a879bd37670ae4f538a\/internal_photos\/bs\/2017\/e\/o\/hrg0axQAmYWC5DfAWyFQ\/coffee-2458280-1920.jpg\" \/><img fetchpriority=\"high\" decoding=\"async\" class=\"image content-media__image progressive-loaded alignleft\" title=\"Pesquisadores alertam para evitar os acompanhamentos gordurosos, como o croissant (Foto: pixel2013\/Creative Commons)\" src=\"https:\/\/s2.glbimg.com\/O1CTy8IA8DYAFS7HHGgtuKRVQD0=\/0x0:1700x1065\/984x0\/smart\/filters:strip_icc()\/i.s3.glbimg.com\/v1\/AUTH_59edd422c0c84a879bd37670ae4f538a\/internal_photos\/bs\/2017\/e\/o\/hrg0axQAmYWC5DfAWyFQ\/coffee-2458280-1920.jpg\" alt=\"Pesquisadores alertam para evitar os acompanhamentos gordurosos, como o croissant (Foto: pixel2013\/Creative Commons)\" width=\"483\" height=\"302\" data-src=\"https:\/\/s2.glbimg.com\/O1CTy8IA8DYAFS7HHGgtuKRVQD0=\/0x0:1700x1065\/984x0\/smart\/filters:strip_icc()\/i.s3.glbimg.com\/v1\/AUTH_59edd422c0c84a879bd37670ae4f538a\/internal_photos\/bs\/2017\/e\/o\/hrg0axQAmYWC5DfAWyFQ\/coffee-2458280-1920.jpg\" \/><\/picture><\/div>\n<\/div>\n<div class=\"content-media__description-centered \">\n<p class=\"content-media__description\"><i class=\"content-media__description__icon theme-color-primary\"><\/i><span class=\"content-media__description__caption\">Pesquisadores alertam para evitar os acompanhamentos gordurosos, como o croissant (Foto: pixel2013\/Creative Commons)<\/span><\/p>\n<\/div>\n<\/div>\n<\/div>\n<div class=\"mc-column content-text active-extra-styles \" data-block-type=\"unstyled\" data-block-weight=\"17\" data-block-id=\"16\">\n<p class=\"content-text__container \" data-track-category=\"Link no Texto\" data-track-links=\"\">A ingest\u00e3o de uma grande quantidade de caf\u00e9, dizem os pesquisadores, podem aumentar o risco de aborto.<\/p>\n<\/div>\n<div class=\"mc-column content-text active-extra-styles \" data-block-type=\"unstyled\" data-block-weight=\"15\" data-block-id=\"17\">\n<p class=\"content-text__container \" data-track-category=\"Link no Texto\" data-track-links=\"\">O estudo aponta ainda que mulheres com risco de fraturas tamb\u00e9m devem cortar a cafe\u00edna.<\/p>\n<\/div>\n<div class=\"mc-column content-text active-extra-styles \" data-block-type=\"unstyled\" data-block-weight=\"50\" data-block-id=\"18\">\n<p class=\"content-text__container \" data-track-category=\"Link no Texto\" data-track-links=\"\">Mas, para adultos em geral, o consumo de at\u00e9 400 miligramas de cafe\u00edna por dia n\u00e3o traz malef\u00edcios, dizem os pesquisadores. O caf\u00e9, no entanto, n\u00e3o \u00e9 o \u00fanico item que possui cafe\u00edna. Energ\u00e9ticos, chocolate, coca-cola, e alguns tipos de ch\u00e1 tamb\u00e9m cont\u00e9m o composto qu\u00edmico que funciona como estimulante.<\/p>\n<\/div>\n<p data-track-category=\"Link no Texto\" data-track-links=\"\">\n<p data-track-category=\"Link no Texto\" data-track-links=\"\">\n<p data-track-category=\"Link no Texto\" data-track-links=\"\">\n<p>Quanto h\u00e1 de cafe\u00edna em:<\/p>\n<p>Uma caneca de caf\u00e9 sol\u00favel: 100mg<br \/>\nUma caneca de caf\u00e9 filtrado: 140mg<br \/>\nUma caneca de ch\u00e1 preto: 75mg<br \/>\nUma lata de coca-cola: 40mg<br \/>\nUma lata de 250ml de energ\u00e9tico: at\u00e9 80mg<br \/>\nUma barra de chocolate puro: cerca de 25mg<br \/>\nUma barra de chocolate ao leite: menos de 10mg<\/p>\n<p data-track-category=\"Link no Texto\" data-track-links=\"\">Os pesquisadores ressaltam, no entanto, que ainda \u00e9 necess\u00e1rio mais pesquisas cl\u00ednicas para identificar rela\u00e7\u00f5es causais entre o consumo de caf\u00e9 e benef\u00edcios para a sa\u00fade.<\/p>\n<div class=\"content-ads content-ads--reveal\" data-block-type=\"ads\" data-block-id=\"22\">\n<div id=\"banner_materia__2021338be9e9417099c95d9bf9db2269\" class=\"tag-manager-publicidade-container has-reveal has-ad-lazyload tag-manager-publicidade-banner_materia__2021338be9e9417099c95d9bf9db2269 tag-manager-publicidade-container--carregado tag-manager-publicidade-container--visivel\" data-id=\"banner_materia__2021338be9e9417099c95d9bf9db2269\" data-google-query-id=\"CKDSg_Dc2NcCFdeGkQodS0cEUA\" data-cid=\"138218108132\" data-lid=\"4490348300\">\n<div id=\"google_ads_iframe_\/95377733\/tvg_G1\/Bem_Estar_3__container__\">Os pesquisadores admitem que, com base nas pesquisas feitas at\u00e9 o momento, \u00e9 dif\u00edcil dizer exatamente como o caf\u00e9 impacta positivamente na sa\u00fade. O m\u00e1ximo que conseguiram foi apontar associa\u00e7\u00f5es positivas entre quem bebe caf\u00e9 e a incid\u00eancia de determinadas doen\u00e7as, se comparado aos que n\u00e3o consomem a bebida ou consomem em menor quantidade.<\/div>\n<\/div>\n<\/div>\n<div class=\"mc-column content-text active-extra-styles \" data-block-type=\"unstyled\" data-block-weight=\"37\" data-block-id=\"24\">\n<p class=\"content-text__container \" data-track-category=\"Link no Texto\" data-track-links=\"\">Eliseo Guallar, da escola de sa\u00fade p\u00fablica John Hopkins Bloomberg, \u00e9 comedido ao comentar os resultados do estudo publicado na British Medical Journal. Ele afirma os efeitos da ingest\u00e3o de grande quantidade de cafe\u00edna ainda s\u00e3o incertos.<\/p>\n<\/div>\n<div data-track-category=\"fim do conteudo\" data-track-action=\"ultimo chunk conteudo\" data-track-noninteraction=\"false\" data-track-scroll=\"entrada completa viewport\">\n<div class=\"mc-column content-text active-extra-styles \" data-block-type=\"unstyled\" data-block-weight=\"22\" data-block-id=\"25\">\n<p class=\"content-text__container \" data-track-category=\"Link no Texto\" data-track-links=\"\">&#8220;O consumo moderado parece ser notavelmente seguro, e pode ser incorporado como parte de uma dieta saud\u00e1vel pela maioria da popula\u00e7\u00e3o adulta&#8221;.<\/p>\n<\/div>\n<p data-track-category=\"Link no Texto\" data-track-links=\"\">Fonte: G1<\/p>\n<\/div>\n","protected":false},"excerpt":{"rendered":"<p>Estudo conduzido no Reino Unido aponta benef\u00edcios do consumo moderado de caf\u00e9, mas pesquisadores alertam serem necess\u00e1rias mais an\u00e1lises para entender se a cafe\u00edna sozinha \u00e9 capaz de reduzir doen\u00e7as card\u00edacas e alguns tipos de c\u00e2ncer. &nbsp; studo publicado no British Medical Journal, importante revista acad\u00eamica de medicina do Reino Unido, aponta que beber uma &hellip;<\/p>\n","protected":false},"author":1,"featured_media":2782,"comment_status":"closed","ping_status":"open","sticky":false,"template":"","format":"standard","meta":{"om_disable_all_campaigns":false,"_monsterinsights_skip_tracking":false,"_monsterinsights_sitenote_active":false,"_monsterinsights_sitenote_note":"","_monsterinsights_sitenote_category":0,"footnotes":""},"categories":[19],"tags":[62,61],"class_list":["post-2781","post","type-post","status-publish","format-standard","has-post-thumbnail","hentry","category-saude","tag-cafe","tag-saude"],"aioseo_notices":[],"_links":{"self":[{"href":"https:\/\/www.portalalerta.com.br\/index.php\/wp-json\/wp\/v2\/posts\/2781","targetHints":{"allow":["GET"]}}],"collection":[{"href":"https:\/\/www.portalalerta.com.br\/index.php\/wp-json\/wp\/v2\/posts"}],"about":[{"href":"https:\/\/www.portalalerta.com.br\/index.php\/wp-json\/wp\/v2\/types\/post"}],"author":[{"embeddable":true,"href":"https:\/\/www.portalalerta.com.br\/index.php\/wp-json\/wp\/v2\/users\/1"}],"replies":[{"embeddable":true,"href":"https:\/\/www.portalalerta.com.br\/index.php\/wp-json\/wp\/v2\/comments?post=2781"}],"version-history":[{"count":0,"href":"https:\/\/www.portalalerta.com.br\/index.php\/wp-json\/wp\/v2\/posts\/2781\/revisions"}],"wp:featuredmedia":[{"embeddable":true,"href":"https:\/\/www.portalalerta.com.br\/index.php\/wp-json\/wp\/v2\/media\/2782"}],"wp:attachment":[{"href":"https:\/\/www.portalalerta.com.br\/index.php\/wp-json\/wp\/v2\/media?parent=2781"}],"wp:term":[{"taxonomy":"category","embeddable":true,"href":"https:\/\/www.portalalerta.com.br\/index.php\/wp-json\/wp\/v2\/categories?post=2781"},{"taxonomy":"post_tag","embeddable":true,"href":"https:\/\/www.portalalerta.com.br\/index.php\/wp-json\/wp\/v2\/tags?post=2781"}],"curies":[{"name":"wp","href":"https:\/\/api.w.org\/{rel}","templated":true}]}}