{"id":27825,"date":"2020-07-30T14:07:17","date_gmt":"2020-07-30T17:07:17","guid":{"rendered":"https:\/\/www.portalalerta.com.br\/?p=27825"},"modified":"2020-07-30T14:07:17","modified_gmt":"2020-07-30T17:07:17","slug":"ribeira-do-pombal-ultrapassa-a-marca-de-300-curados-pela-covid-19-e-taxa-de-cura-chega-a-84","status":"publish","type":"post","link":"https:\/\/www.portalalerta.com.br\/index.php\/2020\/07\/30\/ribeira-do-pombal-ultrapassa-a-marca-de-300-curados-pela-covid-19-e-taxa-de-cura-chega-a-84\/","title":{"rendered":"Ribeira do Pombal ultrapassa a marca de 300 curados pela Covid-19, e Taxa de Cura chega a 84%!"},"content":{"rendered":"<p style=\"text-align: justify;\">No \u00faltimo Boletim Epidemiol\u00f3gico divulgado pelo munic\u00edpio de Ribeira do Pombal-BA na quarta-feira, 29, foram confirmadas mais 14 infec\u00e7\u00f5es, e 08 curas da Covid-19 na cidade.<!--more--><\/p>\n<p style=\"text-align: justify;\"><img fetchpriority=\"high\" decoding=\"async\" class=\"size-thumbnail wp-image-9394 alignleft\" src=\"https:\/\/www.portalalerta.com.br\/wp-content\/uploads\/2018\/07\/05elab-320x240.jpg\" alt=\"\" width=\"320\" height=\"240\" srcset=\"https:\/\/www.portalalerta.com.br\/wp-content\/uploads\/2018\/07\/05elab-320x240.jpg 320w, https:\/\/www.portalalerta.com.br\/wp-content\/uploads\/2018\/07\/05elab-195x146.jpg 195w, https:\/\/www.portalalerta.com.br\/wp-content\/uploads\/2018\/07\/05elab-50x38.jpg 50w, https:\/\/www.portalalerta.com.br\/wp-content\/uploads\/2018\/07\/05elab-100x75.jpg 100w, https:\/\/www.portalalerta.com.br\/wp-content\/uploads\/2018\/07\/05elab.jpg 400w\" sizes=\"(max-width: 320px) 100vw, 320px\" \/>Desta forma, Ribeira do Pombal que j\u00e1 tinha ultrapassado a marca das 300 infec\u00e7\u00f5es, agora ultrapassou a marca dos 300 curados da doen\u00e7a.<\/p>\n<p style=\"text-align: justify;\">Ao todo 364 pessoas j\u00e1 foram diagnosticadas com o Coronav\u00edrus, sendo 50 casos ativos (14%), 307 curados (84%), e 07 \u00f3bitos (2%).<\/p>\n<p style=\"text-align: justify;\"><a href=\"https:\/\/www.portalalerta.com.br\/index.php\/2020\/05\/26\/saiba-como-esta-a-evolucao-do-covid-19-em-ribeira-do-pombal-ba\/\"><strong style=\"font-style: inherit;\">Clique aqui e saiba como est\u00e1 a evolu\u00e7\u00e3o do Covid-19 em Ribeira do Pombal-BA<\/strong><\/a><\/p>\n<p style=\"text-align: justify;\"><em style=\"font-weight: inherit;\">Reda\u00e7\u00e3o: Portal Alerta<\/em><\/p>\n<p style=\"text-align: justify;\"><strong style=\"font-style: inherit;\"><em>#fiqueemcasa\u00a0\u00a0\u00a0\u00a0<\/em><\/strong><\/p>\n<p style=\"text-align: justify;\"><strong style=\"font-style: inherit;\"><em>#usemascaras<\/em><\/strong><\/p>\n","protected":false},"excerpt":{"rendered":"<p>No \u00faltimo Boletim Epidemiol\u00f3gico divulgado pelo munic\u00edpio de Ribeira do Pombal-BA na quarta-feira, 29, foram confirmadas mais 14 infec\u00e7\u00f5es, e 08 curas da Covid-19 na cidade.<\/p>\n","protected":false},"author":2,"featured_media":26276,"comment_status":"open","ping_status":"open","sticky":false,"template":"","format":"standard","meta":{"om_disable_all_campaigns":false,"_monsterinsights_skip_tracking":false,"_monsterinsights_sitenote_active":false,"_monsterinsights_sitenote_note":"","_monsterinsights_sitenote_category":0,"footnotes":""},"categories":[70,69,32,3,19],"tags":[3429,3486,3454,3724,439,3742,47,61],"class_list":["post-27825","post","type-post","status-publish","format-standard","has-post-thumbnail","hentry","category-destaques","category-noticias2","category-regiao","category-ribeira-do-pombal","category-saude","tag-coronavirus","tag-covid-19","tag-cura","tag-infeccao","tag-mortes","tag-pandemia","tag-ribeira-do-pombal","tag-saude"],"aioseo_notices":[],"_links":{"self":[{"href":"https:\/\/www.portalalerta.com.br\/index.php\/wp-json\/wp\/v2\/posts\/27825","targetHints":{"allow":["GET"]}}],"collection":[{"href":"https:\/\/www.portalalerta.com.br\/index.php\/wp-json\/wp\/v2\/posts"}],"about":[{"href":"https:\/\/www.portalalerta.com.br\/index.php\/wp-json\/wp\/v2\/types\/post"}],"author":[{"embeddable":true,"href":"https:\/\/www.portalalerta.com.br\/index.php\/wp-json\/wp\/v2\/users\/2"}],"replies":[{"embeddable":true,"href":"https:\/\/www.portalalerta.com.br\/index.php\/wp-json\/wp\/v2\/comments?post=27825"}],"version-history":[{"count":1,"href":"https:\/\/www.portalalerta.com.br\/index.php\/wp-json\/wp\/v2\/posts\/27825\/revisions"}],"predecessor-version":[{"id":27826,"href":"https:\/\/www.portalalerta.com.br\/index.php\/wp-json\/wp\/v2\/posts\/27825\/revisions\/27826"}],"wp:featuredmedia":[{"embeddable":true,"href":"https:\/\/www.portalalerta.com.br\/index.php\/wp-json\/wp\/v2\/media\/26276"}],"wp:attachment":[{"href":"https:\/\/www.portalalerta.com.br\/index.php\/wp-json\/wp\/v2\/media?parent=27825"}],"wp:term":[{"taxonomy":"category","embeddable":true,"href":"https:\/\/www.portalalerta.com.br\/index.php\/wp-json\/wp\/v2\/categories?post=27825"},{"taxonomy":"post_tag","embeddable":true,"href":"https:\/\/www.portalalerta.com.br\/index.php\/wp-json\/wp\/v2\/tags?post=27825"}],"curies":[{"name":"wp","href":"https:\/\/api.w.org\/{rel}","templated":true}]}}