{"id":27829,"date":"2020-07-30T14:32:56","date_gmt":"2020-07-30T17:32:56","guid":{"rendered":"https:\/\/www.portalalerta.com.br\/?p=27829"},"modified":"2020-07-30T15:00:05","modified_gmt":"2020-07-30T18:00:05","slug":"1jovem-foi-vitima-de-tentativa-de-homicidio-enquanto-comemora-aniversario-em-ribeira-do-pombal-ba","status":"publish","type":"post","link":"https:\/\/www.portalalerta.com.br\/index.php\/2020\/07\/30\/1jovem-foi-vitima-de-tentativa-de-homicidio-enquanto-comemora-aniversario-em-ribeira-do-pombal-ba\/","title":{"rendered":"Jovem foi v\u00edtima de tentativa de homic\u00eddio enquanto comemorava anivers\u00e1rio, em Ribeira do Pombal-BA"},"content":{"rendered":"<p style=\"text-align: justify;\">Na noite da \u00faltima quarta-feira, 29, um jovem de 24 anos deu entrada na Emerg\u00eancia do Hospital Geral Santa Tereza, em Ribeira do Pombal-BA, com ferimentos pelo corpo, causados por tr\u00eas facadas que teriam sido desferidas pelo pr\u00f3prio primo.<!--more--><\/p>\n<p style=\"text-align: justify;\"><img fetchpriority=\"high\" decoding=\"async\" class=\"size-thumbnail wp-image-26974 alignleft\" src=\"https:\/\/www.portalalerta.com.br\/wp-content\/uploads\/2020\/07\/Carn\u00ea-Premiado-Real-300x240.jpg\" alt=\"\" width=\"300\" height=\"240\" \/>De acordo com informa\u00e7\u00f5es preliminares, tanto o autor, quanto a v\u00edtima, estavam num bar situado na Fazenda Pocobatiba, zona rural da cidade, onde comemoravam o anivers\u00e1rio da v\u00edtima, por\u00e9m o seu primo que \u00e9 propriet\u00e1rio do estabelecimento, o feriu com tr\u00eas facadas. Ferido no peito, bra\u00e7o e abd\u00f4men, o rapaz foi socorrido para a Unidade Hospitalar em quest\u00e3o, onde foi submetido a um procedimento cir\u00fargico, e n\u00e3o teve o seu quadro cl\u00ednico divulgado.<\/p>\n<p style=\"text-align: justify;\">O caso foi informado \u00e0 Policiais militares da cidade, que foram at\u00e9 o Hospital onde colheram dados sobre o crime, e instru\u00edram os familiares a registrarem a ocorr\u00eancia na Delegacia de Pol\u00edcia Civil local.<\/p>\n<p style=\"text-align: justify;\"><em>Reda\u00e7\u00e3o: Portal Alerta<\/em><\/p>\n<p style=\"text-align: justify;\"><strong><em>#fiqueemcasa<\/em><\/strong><\/p>\n<p style=\"text-align: justify;\"><strong><em>#usemascaras<\/em><\/strong><\/p>\n","protected":false},"excerpt":{"rendered":"<p>Na noite da \u00faltima quarta-feira, 29, um jovem de 24 anos deu entrada na Emerg\u00eancia do Hospital Geral Santa Tereza, em Ribeira do Pombal-BA, com ferimentos pelo corpo, causados por tr\u00eas facadas que teriam sido desferidas pelo pr\u00f3prio primo.<\/p>\n","protected":false},"author":2,"featured_media":17907,"comment_status":"open","ping_status":"open","sticky":false,"template":"","format":"standard","meta":{"om_disable_all_campaigns":false,"_monsterinsights_skip_tracking":false,"_monsterinsights_sitenote_active":false,"_monsterinsights_sitenote_note":"","_monsterinsights_sitenote_category":0,"footnotes":""},"categories":[70,69,32,3,22],"tags":[492,151,47,105,139],"class_list":["post-27829","post","type-post","status-publish","format-standard","has-post-thumbnail","hentry","category-destaques","category-noticias2","category-regiao","category-ribeira-do-pombal","category-seguranca","tag-facada","tag-hgst","tag-ribeira-do-pombal","tag-tentativa-de-homicidio","tag-zona-rural"],"aioseo_notices":[],"_links":{"self":[{"href":"https:\/\/www.portalalerta.com.br\/index.php\/wp-json\/wp\/v2\/posts\/27829","targetHints":{"allow":["GET"]}}],"collection":[{"href":"https:\/\/www.portalalerta.com.br\/index.php\/wp-json\/wp\/v2\/posts"}],"about":[{"href":"https:\/\/www.portalalerta.com.br\/index.php\/wp-json\/wp\/v2\/types\/post"}],"author":[{"embeddable":true,"href":"https:\/\/www.portalalerta.com.br\/index.php\/wp-json\/wp\/v2\/users\/2"}],"replies":[{"embeddable":true,"href":"https:\/\/www.portalalerta.com.br\/index.php\/wp-json\/wp\/v2\/comments?post=27829"}],"version-history":[{"count":2,"href":"https:\/\/www.portalalerta.com.br\/index.php\/wp-json\/wp\/v2\/posts\/27829\/revisions"}],"predecessor-version":[{"id":27831,"href":"https:\/\/www.portalalerta.com.br\/index.php\/wp-json\/wp\/v2\/posts\/27829\/revisions\/27831"}],"wp:featuredmedia":[{"embeddable":true,"href":"https:\/\/www.portalalerta.com.br\/index.php\/wp-json\/wp\/v2\/media\/17907"}],"wp:attachment":[{"href":"https:\/\/www.portalalerta.com.br\/index.php\/wp-json\/wp\/v2\/media?parent=27829"}],"wp:term":[{"taxonomy":"category","embeddable":true,"href":"https:\/\/www.portalalerta.com.br\/index.php\/wp-json\/wp\/v2\/categories?post=27829"},{"taxonomy":"post_tag","embeddable":true,"href":"https:\/\/www.portalalerta.com.br\/index.php\/wp-json\/wp\/v2\/tags?post=27829"}],"curies":[{"name":"wp","href":"https:\/\/api.w.org\/{rel}","templated":true}]}}