{"id":27854,"date":"2020-07-30T21:18:52","date_gmt":"2020-07-31T00:18:52","guid":{"rendered":"https:\/\/www.portalalerta.com.br\/?p=27854"},"modified":"2020-07-30T21:18:52","modified_gmt":"2020-07-31T00:18:52","slug":"marcos-pontes-ministro-da-ciencia-e-tecnologia-esta-com-coronavirus","status":"publish","type":"post","link":"https:\/\/www.portalalerta.com.br\/index.php\/2020\/07\/30\/marcos-pontes-ministro-da-ciencia-e-tecnologia-esta-com-coronavirus\/","title":{"rendered":"Marcos Pontes, ministro da Ci\u00eancia e Tecnologia, est\u00e1 com coronav\u00edrus"},"content":{"rendered":"<p style=\"text-align: justify;\">O ministro da Ci\u00eancia, Tecnologia e Inova\u00e7\u00f5es, o astronauta Marcos Pontes, afirmou que testou positivo para o\u00a0novo coronav\u00edrus. A informa\u00e7\u00e3o foi revelada durante uma live feita na \u00faltima quarta-feira, 29, com o senador Roberto Rocha (PSDB-MA).<!--more--><\/p>\n<p style=\"text-align: justify;\">Pontes descreveu que teve sintomas de gripe e, na ter\u00e7a-feira, 28, realizou o exame. Na quarta-feira, soube que estava com Covid-19.<\/p>\n<p style=\"text-align: justify;\">O ministro segue trabalhando e despachando, mas est\u00e1 isolado. Ele ainda afirmou que far\u00e1 parte dos testes do uso da nitazoxanida, para saber se o rem\u00e9dio ajuda efetivamente no tratamento do coronav\u00edrus. \u201cA gente vai tratar e tudo vai dar certo, se Deus quiser\u201d, afirmou.<\/p>\n<div data-mvc-banner=\"leaderboard\"><\/div>\n<p><script type=\"text\/javascript\"> (function(storeName) { var b = document.createElement('script'); b.type = 'text\/javascript'; b.async = true; b.src = 'https:\/\/www.magazinevoce.com.br\/js\/banner.js?store='+ storeName; var s = document.getElementsByTagName('script')[0]; s.parentNode.insertBefore(b, s); })('Nvscosta'); <\/script><\/p>\n<p>Al\u00e9m de Marcos Pontes, outros quatro ministros j\u00e1 anunciaram que tiveram Covid-19: Milton Ribeiro, da Educa\u00e7\u00e3o, Onyx Lorenzoni, da Cidadania, Augusto Heleno, do Gabinete de Seguran\u00e7a Institucional, e Bento Albuquerque, de Minas e Energia.<\/p>\n<p style=\"text-align: justify;\">O\u00a0presidente Jair Bolsonaro\u00a0(sem partido) tamb\u00e9m afirmou que testou positivo para a doen\u00e7a. O an\u00fancio foi feito no \u00faltimo dia 7 e, no \u00faltimo s\u00e1bado, 25, divulgou que um novo exame foi negativo.<\/p>\n<p style=\"text-align: justify;\"><em>Fonte: Yahoo Not\u00edcias<\/em><\/p>\n","protected":false},"excerpt":{"rendered":"<p>O ministro da Ci\u00eancia, Tecnologia e Inova\u00e7\u00f5es, o astronauta Marcos Pontes, afirmou que testou positivo para o\u00a0novo coronav\u00edrus. A informa\u00e7\u00e3o foi revelada durante uma live feita na \u00faltima quarta-feira, 29, com o senador Roberto Rocha (PSDB-MA).<\/p>\n","protected":false},"author":2,"featured_media":23339,"comment_status":"open","ping_status":"open","sticky":false,"template":"","format":"standard","meta":{"om_disable_all_campaigns":false,"_monsterinsights_skip_tracking":false,"_monsterinsights_sitenote_active":false,"_monsterinsights_sitenote_note":"","_monsterinsights_sitenote_category":0,"footnotes":""},"categories":[34,70,69,21,19],"tags":[93,3429,3486,3123,3122,61],"class_list":["post-27854","post","type-post","status-publish","format-standard","has-post-thumbnail","hentry","category-brasil","category-destaques","category-noticias2","category-politica","category-saude","tag-brasil","tag-coronavirus","tag-covid-19","tag-marcos-pontes","tag-ministro-da-ciencia-e-tecnologia","tag-saude"],"aioseo_notices":[],"_links":{"self":[{"href":"https:\/\/www.portalalerta.com.br\/index.php\/wp-json\/wp\/v2\/posts\/27854","targetHints":{"allow":["GET"]}}],"collection":[{"href":"https:\/\/www.portalalerta.com.br\/index.php\/wp-json\/wp\/v2\/posts"}],"about":[{"href":"https:\/\/www.portalalerta.com.br\/index.php\/wp-json\/wp\/v2\/types\/post"}],"author":[{"embeddable":true,"href":"https:\/\/www.portalalerta.com.br\/index.php\/wp-json\/wp\/v2\/users\/2"}],"replies":[{"embeddable":true,"href":"https:\/\/www.portalalerta.com.br\/index.php\/wp-json\/wp\/v2\/comments?post=27854"}],"version-history":[{"count":1,"href":"https:\/\/www.portalalerta.com.br\/index.php\/wp-json\/wp\/v2\/posts\/27854\/revisions"}],"predecessor-version":[{"id":27855,"href":"https:\/\/www.portalalerta.com.br\/index.php\/wp-json\/wp\/v2\/posts\/27854\/revisions\/27855"}],"wp:featuredmedia":[{"embeddable":true,"href":"https:\/\/www.portalalerta.com.br\/index.php\/wp-json\/wp\/v2\/media\/23339"}],"wp:attachment":[{"href":"https:\/\/www.portalalerta.com.br\/index.php\/wp-json\/wp\/v2\/media?parent=27854"}],"wp:term":[{"taxonomy":"category","embeddable":true,"href":"https:\/\/www.portalalerta.com.br\/index.php\/wp-json\/wp\/v2\/categories?post=27854"},{"taxonomy":"post_tag","embeddable":true,"href":"https:\/\/www.portalalerta.com.br\/index.php\/wp-json\/wp\/v2\/tags?post=27854"}],"curies":[{"name":"wp","href":"https:\/\/api.w.org\/{rel}","templated":true}]}}