{"id":27856,"date":"2020-07-30T21:29:36","date_gmt":"2020-07-31T00:29:36","guid":{"rendered":"https:\/\/www.portalalerta.com.br\/?p=27856"},"modified":"2020-07-30T21:29:36","modified_gmt":"2020-07-31T00:29:36","slug":"ribeira-do-pombal-ba-tem-um-novo-secretario-de-meio-ambiente","status":"publish","type":"post","link":"https:\/\/www.portalalerta.com.br\/index.php\/2020\/07\/30\/ribeira-do-pombal-ba-tem-um-novo-secretario-de-meio-ambiente\/","title":{"rendered":"Ribeira do Pombal-BA tem um novo Secret\u00e1rio de Meio Ambiente"},"content":{"rendered":"<p style=\"text-align: justify;\">A gest\u00e3o municipal de Ribeira do Pombal-BA tem novidades: A nomea\u00e7\u00e3o do novo Secret\u00e1rio de Meio Ambiente e Recursos H\u00eddricos, o T\u00e9cnico em Agropecu\u00e1ria, Jo\u00e3o F\u00e1bio Silva, que assumiu a Pasta ap\u00f3s um per\u00edodo em que vinha sendo ocupada interinamente.<!--more--><\/p>\n<p style=\"text-align: justify;\"><img fetchpriority=\"high\" decoding=\"async\" class=\"size-thumbnail wp-image-9394 alignleft\" src=\"https:\/\/www.portalalerta.com.br\/wp-content\/uploads\/2018\/07\/05elab-320x240.jpg\" alt=\"\" width=\"320\" height=\"240\" srcset=\"https:\/\/www.portalalerta.com.br\/wp-content\/uploads\/2018\/07\/05elab-320x240.jpg 320w, https:\/\/www.portalalerta.com.br\/wp-content\/uploads\/2018\/07\/05elab-195x146.jpg 195w, https:\/\/www.portalalerta.com.br\/wp-content\/uploads\/2018\/07\/05elab-50x38.jpg 50w, https:\/\/www.portalalerta.com.br\/wp-content\/uploads\/2018\/07\/05elab-100x75.jpg 100w, https:\/\/www.portalalerta.com.br\/wp-content\/uploads\/2018\/07\/05elab.jpg 400w\" sizes=\"(max-width: 320px) 100vw, 320px\" \/>Fabinho, como \u00e9 conhecido, vem da Secretaria de Administra\u00e7\u00e3o, onde desempenhava papel t\u00e9cnico e chega \u00e0 nova fun\u00e7\u00e3o com entusiasmo, falando da import\u00e2ncia dos temas relacionados \u00e0 Pasta para a vida humana e do desafio de construir desenvolvimento econ\u00f4mico e social alicer\u00e7ado \u00e0 bases sustent\u00e1veis.<\/p>\n<p style=\"text-align: justify;\">\u201cPrecisamos desenvolver condi\u00e7\u00f5es para que a popula\u00e7\u00e3o possa ter qualidade de vida; e isso passa por enfrentarmos as dificuldades modernas como o desenvolvimento social e a gera\u00e7\u00e3o de emprego com uma vis\u00e3o de mundo nova, segura do ponto de vista ambiental e sustent\u00e1vel\u201d, disse o secret\u00e1rio.<\/p>\n<p style=\"text-align: justify;\"><em>Fonte: SECOM\/ Ribeira do Pombal<\/em><\/p>\n","protected":false},"excerpt":{"rendered":"<p>A gest\u00e3o municipal de Ribeira do Pombal-BA tem novidades: A nomea\u00e7\u00e3o do novo Secret\u00e1rio de Meio Ambiente e Recursos H\u00eddricos, o T\u00e9cnico em Agropecu\u00e1ria, Jo\u00e3o F\u00e1bio Silva, que assumiu a Pasta ap\u00f3s um per\u00edodo em que vinha sendo ocupada interinamente.<\/p>\n","protected":false},"author":2,"featured_media":27858,"comment_status":"open","ping_status":"open","sticky":false,"template":"","format":"standard","meta":{"om_disable_all_campaigns":false,"_monsterinsights_skip_tracking":false,"_monsterinsights_sitenote_active":false,"_monsterinsights_sitenote_note":"","_monsterinsights_sitenote_category":0,"footnotes":""},"categories":[70,69,21,32,3],"tags":[47,602,2594],"class_list":["post-27856","post","type-post","status-publish","format-standard","has-post-thumbnail","hentry","category-destaques","category-noticias2","category-politica","category-regiao","category-ribeira-do-pombal","tag-ribeira-do-pombal","tag-secretaria-do-meio-ambiente-e-recursos-hidricos","tag-secretario"],"aioseo_notices":[],"_links":{"self":[{"href":"https:\/\/www.portalalerta.com.br\/index.php\/wp-json\/wp\/v2\/posts\/27856","targetHints":{"allow":["GET"]}}],"collection":[{"href":"https:\/\/www.portalalerta.com.br\/index.php\/wp-json\/wp\/v2\/posts"}],"about":[{"href":"https:\/\/www.portalalerta.com.br\/index.php\/wp-json\/wp\/v2\/types\/post"}],"author":[{"embeddable":true,"href":"https:\/\/www.portalalerta.com.br\/index.php\/wp-json\/wp\/v2\/users\/2"}],"replies":[{"embeddable":true,"href":"https:\/\/www.portalalerta.com.br\/index.php\/wp-json\/wp\/v2\/comments?post=27856"}],"version-history":[{"count":1,"href":"https:\/\/www.portalalerta.com.br\/index.php\/wp-json\/wp\/v2\/posts\/27856\/revisions"}],"predecessor-version":[{"id":27859,"href":"https:\/\/www.portalalerta.com.br\/index.php\/wp-json\/wp\/v2\/posts\/27856\/revisions\/27859"}],"wp:featuredmedia":[{"embeddable":true,"href":"https:\/\/www.portalalerta.com.br\/index.php\/wp-json\/wp\/v2\/media\/27858"}],"wp:attachment":[{"href":"https:\/\/www.portalalerta.com.br\/index.php\/wp-json\/wp\/v2\/media?parent=27856"}],"wp:term":[{"taxonomy":"category","embeddable":true,"href":"https:\/\/www.portalalerta.com.br\/index.php\/wp-json\/wp\/v2\/categories?post=27856"},{"taxonomy":"post_tag","embeddable":true,"href":"https:\/\/www.portalalerta.com.br\/index.php\/wp-json\/wp\/v2\/tags?post=27856"}],"curies":[{"name":"wp","href":"https:\/\/api.w.org\/{rel}","templated":true}]}}