{"id":27860,"date":"2020-07-31T08:14:59","date_gmt":"2020-07-31T11:14:59","guid":{"rendered":"https:\/\/www.portalalerta.com.br\/?p=27860"},"modified":"2020-07-31T08:18:37","modified_gmt":"2020-07-31T11:18:37","slug":"michelle-bolsonaro-esta-com-coronavirus","status":"publish","type":"post","link":"https:\/\/www.portalalerta.com.br\/index.php\/2020\/07\/31\/michelle-bolsonaro-esta-com-coronavirus\/","title":{"rendered":"Michelle Bolsonaro est\u00e1 com coronav\u00edrus"},"content":{"rendered":"<p style=\"text-align: justify;\">A primeira-dama Michelle Bolsonaro est\u00e1 com coronav\u00edrus, informou hoje (30) a Secretaria Especial de Comunica\u00e7\u00e3o Social. Segundo a pasta, ela passa bem. &#8220;Ela apresenta bom estado de sa\u00fade e seguir\u00e1 todos os protocolos estabelecidos. A primeira-dama est\u00e1 sendo acompanhada pela equipe m\u00e9dica da Presid\u00eancia&#8221;.\u00a0<!--more--><\/p>\n<p style=\"text-align: justify;\"><img fetchpriority=\"high\" decoding=\"async\" class=\"size-thumbnail wp-image-4869 aligncenter\" src=\"https:\/\/www.portalalerta.com.br\/wp-content\/uploads\/2018\/02\/Auto-Escola-Nobre-720x181.jpg\" alt=\"\" width=\"720\" height=\"181\" srcset=\"https:\/\/www.portalalerta.com.br\/wp-content\/uploads\/2018\/02\/Auto-Escola-Nobre.jpg 720w, https:\/\/www.portalalerta.com.br\/wp-content\/uploads\/2018\/02\/Auto-Escola-Nobre-260x65.jpg 260w, https:\/\/www.portalalerta.com.br\/wp-content\/uploads\/2018\/02\/Auto-Escola-Nobre-50x13.jpg 50w, https:\/\/www.portalalerta.com.br\/wp-content\/uploads\/2018\/02\/Auto-Escola-Nobre-150x38.jpg 150w\" sizes=\"(max-width: 720px) 100vw, 720px\" \/>Na semana passada, o presidente da Rep\u00fablica, Jair Bolsonaro, curou-se da doen\u00e7a ap\u00f3s 19 dias de infec\u00e7\u00e3o. Durante o per\u00edodo em que esteve afastado, Bolsonaro fez propaganda da cloroquina \u2013 rem\u00e9dio sem comprova\u00e7\u00e3o cient\u00edfica para a doen\u00e7a.<\/p>\n<p style=\"text-align: justify;\"><strong>Drama familiar<\/strong>\u00a0&#8212; A av\u00f3 da primeira-dama, Maria Firmo, de 80 anos, est\u00e1 na UTI por complica\u00e7\u00f5es causadas pela Covid-19. De acordo com o site Estado de Minas, a idosa est\u00e1 entubada e com dreno de t\u00f3rax, usado para pneumot\u00f3rax hipertensivo.<\/p>\n<p style=\"text-align: justify;\"><em>Fonte: Metro1<\/em><\/p>\n","protected":false},"excerpt":{"rendered":"<p>A primeira-dama Michelle Bolsonaro est\u00e1 com coronav\u00edrus, informou hoje (30) a Secretaria Especial de Comunica\u00e7\u00e3o Social. Segundo a pasta, ela passa bem. &#8220;Ela apresenta bom estado de sa\u00fade e seguir\u00e1 todos os protocolos estabelecidos. A primeira-dama est\u00e1 sendo acompanhada pela equipe m\u00e9dica da Presid\u00eancia&#8221;.\u00a0<\/p>\n","protected":false},"author":2,"featured_media":27861,"comment_status":"open","ping_status":"open","sticky":false,"template":"","format":"standard","meta":{"om_disable_all_campaigns":false,"_monsterinsights_skip_tracking":false,"_monsterinsights_sitenote_active":false,"_monsterinsights_sitenote_note":"","_monsterinsights_sitenote_category":0,"footnotes":""},"categories":[34,70,69,21,19],"tags":[93,3429,3486,3095,61],"class_list":["post-27860","post","type-post","status-publish","format-standard","has-post-thumbnail","hentry","category-brasil","category-destaques","category-noticias2","category-politica","category-saude","tag-brasil","tag-coronavirus","tag-covid-19","tag-michelle-bolsonaro","tag-saude"],"aioseo_notices":[],"_links":{"self":[{"href":"https:\/\/www.portalalerta.com.br\/index.php\/wp-json\/wp\/v2\/posts\/27860","targetHints":{"allow":["GET"]}}],"collection":[{"href":"https:\/\/www.portalalerta.com.br\/index.php\/wp-json\/wp\/v2\/posts"}],"about":[{"href":"https:\/\/www.portalalerta.com.br\/index.php\/wp-json\/wp\/v2\/types\/post"}],"author":[{"embeddable":true,"href":"https:\/\/www.portalalerta.com.br\/index.php\/wp-json\/wp\/v2\/users\/2"}],"replies":[{"embeddable":true,"href":"https:\/\/www.portalalerta.com.br\/index.php\/wp-json\/wp\/v2\/comments?post=27860"}],"version-history":[{"count":3,"href":"https:\/\/www.portalalerta.com.br\/index.php\/wp-json\/wp\/v2\/posts\/27860\/revisions"}],"predecessor-version":[{"id":27871,"href":"https:\/\/www.portalalerta.com.br\/index.php\/wp-json\/wp\/v2\/posts\/27860\/revisions\/27871"}],"wp:featuredmedia":[{"embeddable":true,"href":"https:\/\/www.portalalerta.com.br\/index.php\/wp-json\/wp\/v2\/media\/27861"}],"wp:attachment":[{"href":"https:\/\/www.portalalerta.com.br\/index.php\/wp-json\/wp\/v2\/media?parent=27860"}],"wp:term":[{"taxonomy":"category","embeddable":true,"href":"https:\/\/www.portalalerta.com.br\/index.php\/wp-json\/wp\/v2\/categories?post=27860"},{"taxonomy":"post_tag","embeddable":true,"href":"https:\/\/www.portalalerta.com.br\/index.php\/wp-json\/wp\/v2\/tags?post=27860"}],"curies":[{"name":"wp","href":"https:\/\/api.w.org\/{rel}","templated":true}]}}