{"id":27866,"date":"2020-07-31T10:39:33","date_gmt":"2020-07-31T13:39:33","guid":{"rendered":"https:\/\/www.portalalerta.com.br\/?p=27866"},"modified":"2020-07-31T10:39:33","modified_gmt":"2020-07-31T13:39:33","slug":"taxa-de-ocupacao-dos-leitos-em-salvador-despenca-e-atinge-68-nesta-quinta","status":"publish","type":"post","link":"https:\/\/www.portalalerta.com.br\/index.php\/2020\/07\/31\/taxa-de-ocupacao-dos-leitos-em-salvador-despenca-e-atinge-68-nesta-quinta\/","title":{"rendered":"Taxa de ocupa\u00e7\u00e3o dos leitos em Salvador despenca e atinge 68% nesta quinta"},"content":{"rendered":"<p style=\"text-align: justify;\">A taxa de ocupa\u00e7\u00e3o dos leitos de UTI adulto em Salvador despencou na tarde de quinta-feira (30). Ap\u00f3s ter fechado o dia de quarta-feira(29) com 73%, o registro da prefeitura e do governo da Bahia mostra uma taxa de 68%. Uma queda de 5% de um dia para outro.<!--more--><\/p>\n<p style=\"text-align: justify;\">A pr\u00f3xima fase de reabertura das atividades econ\u00f4micas \u2013 que inclui academias, sal\u00f5es de beleza, centros culturais, lanchonetes, bares e restaurantes \u2013 requer uma taxa de 70%, 2% a mais que o patamar atual.<\/p>\n<div data-mvc-banner=\"leaderboard\"><\/div>\n<p><script type=\"text\/javascript\"> (function(storeName) { var b = document.createElement('script'); b.type = 'text\/javascript'; b.async = true; b.src = 'https:\/\/www.magazinevoce.com.br\/js\/banner.js?store='+ storeName; var s = document.getElementsByTagName('script')[0]; s.parentNode.insertBefore(b, s); })('Nvscosta'); <\/script><\/p>\n<p style=\"text-align: justify;\">No entanto, a contagem s\u00f3 come\u00e7a a valer ap\u00f3s cinco dias consecutivos com 70% ou abaixo a partir do dia 7 de agosto, quando completa 15 dias de ativa\u00e7\u00e3o da fase 1.<\/p>\n<p style=\"text-align: justify;\">A taxa de ocupa\u00e7\u00e3o dos leitos \u00e9 flutuante, e pode mudar a qualquer momento.<\/p>\n<p style=\"text-align: justify;\"><em>Fonte: Metro1\u00a0 <\/em><\/p>\n","protected":false},"excerpt":{"rendered":"<p>A taxa de ocupa\u00e7\u00e3o dos leitos de UTI adulto em Salvador despencou na tarde de quinta-feira (30). Ap\u00f3s ter fechado o dia de quarta-feira(29) com 73%, o registro da prefeitura e do governo da Bahia mostra uma taxa de 68%. Uma queda de 5% de um dia para outro.<\/p>\n","protected":false},"author":2,"featured_media":23145,"comment_status":"open","ping_status":"open","sticky":false,"template":"","format":"standard","meta":{"om_disable_all_campaigns":false,"_monsterinsights_skip_tracking":false,"_monsterinsights_sitenote_active":false,"_monsterinsights_sitenote_note":"","_monsterinsights_sitenote_category":0,"footnotes":""},"categories":[33,70,69,19],"tags":[54,3429,3486,2191,3585,61,153],"class_list":["post-27866","post","type-post","status-publish","format-standard","has-post-thumbnail","hentry","category-bahia","category-destaques","category-noticias2","category-saude","tag-bahia","tag-coronavirus","tag-covid-19","tag-hospitais","tag-leitos","tag-saude","tag-uti"],"aioseo_notices":[],"_links":{"self":[{"href":"https:\/\/www.portalalerta.com.br\/index.php\/wp-json\/wp\/v2\/posts\/27866","targetHints":{"allow":["GET"]}}],"collection":[{"href":"https:\/\/www.portalalerta.com.br\/index.php\/wp-json\/wp\/v2\/posts"}],"about":[{"href":"https:\/\/www.portalalerta.com.br\/index.php\/wp-json\/wp\/v2\/types\/post"}],"author":[{"embeddable":true,"href":"https:\/\/www.portalalerta.com.br\/index.php\/wp-json\/wp\/v2\/users\/2"}],"replies":[{"embeddable":true,"href":"https:\/\/www.portalalerta.com.br\/index.php\/wp-json\/wp\/v2\/comments?post=27866"}],"version-history":[{"count":1,"href":"https:\/\/www.portalalerta.com.br\/index.php\/wp-json\/wp\/v2\/posts\/27866\/revisions"}],"predecessor-version":[{"id":27867,"href":"https:\/\/www.portalalerta.com.br\/index.php\/wp-json\/wp\/v2\/posts\/27866\/revisions\/27867"}],"wp:featuredmedia":[{"embeddable":true,"href":"https:\/\/www.portalalerta.com.br\/index.php\/wp-json\/wp\/v2\/media\/23145"}],"wp:attachment":[{"href":"https:\/\/www.portalalerta.com.br\/index.php\/wp-json\/wp\/v2\/media?parent=27866"}],"wp:term":[{"taxonomy":"category","embeddable":true,"href":"https:\/\/www.portalalerta.com.br\/index.php\/wp-json\/wp\/v2\/categories?post=27866"},{"taxonomy":"post_tag","embeddable":true,"href":"https:\/\/www.portalalerta.com.br\/index.php\/wp-json\/wp\/v2\/tags?post=27866"}],"curies":[{"name":"wp","href":"https:\/\/api.w.org\/{rel}","templated":true}]}}