{"id":27868,"date":"2020-07-31T11:18:48","date_gmt":"2020-07-31T14:18:48","guid":{"rendered":"https:\/\/www.portalalerta.com.br\/?p=27868"},"modified":"2020-07-31T11:18:48","modified_gmt":"2020-07-31T14:18:48","slug":"prefeitura-de-ribeira-do-pombal-ba-divulga-cronograma-de-entrega-do-kit-merenda-escolar","status":"publish","type":"post","link":"https:\/\/www.portalalerta.com.br\/index.php\/2020\/07\/31\/prefeitura-de-ribeira-do-pombal-ba-divulga-cronograma-de-entrega-do-kit-merenda-escolar\/","title":{"rendered":"Prefeitura de Ribeira do Pombal-BA divulga cronograma de entrega do Kit Merenda Escolar"},"content":{"rendered":"<p style=\"text-align: justify;\">O munic\u00edpio de Ribeira do Pombal-BA divulgou o cronograma para a entrega dos Kits Merenda Escolar, a serem realizadas nas escolas em que os alunos est\u00e3o matriculados.<!--more--><\/p>\n<p style=\"text-align: justify;\"><img fetchpriority=\"high\" decoding=\"async\" class=\"size-thumbnail wp-image-9394 alignleft\" src=\"https:\/\/www.portalalerta.com.br\/wp-content\/uploads\/2018\/07\/05elab-320x240.jpg\" alt=\"\" width=\"320\" height=\"240\" srcset=\"https:\/\/www.portalalerta.com.br\/wp-content\/uploads\/2018\/07\/05elab-320x240.jpg 320w, https:\/\/www.portalalerta.com.br\/wp-content\/uploads\/2018\/07\/05elab-195x146.jpg 195w, https:\/\/www.portalalerta.com.br\/wp-content\/uploads\/2018\/07\/05elab-50x38.jpg 50w, https:\/\/www.portalalerta.com.br\/wp-content\/uploads\/2018\/07\/05elab-100x75.jpg 100w, https:\/\/www.portalalerta.com.br\/wp-content\/uploads\/2018\/07\/05elab.jpg 400w\" sizes=\"(max-width: 320px) 100vw, 320px\" \/>As retiradas dos Kits ser\u00e3o feitas pelos pais dos alunos, que dever\u00e3o se dirigir \u00e0s respectivas escolas fazendo uso de m\u00e1scaras de prote\u00e7\u00e3o, obedecendo as medidas de prote\u00e7\u00e3o ao cont\u00e1gio pelo Coronav\u00edrus. Al\u00e9m disso, ser\u00e1 obrigat\u00f3ria a apresenta\u00e7\u00e3o de documenta\u00e7\u00e3o pessoal dos alunos e dos genitores.<\/p>\n<p style=\"text-align: justify;\">Os respons\u00e1veis pelas entregas chamam a aten\u00e7\u00e3o para que no momento de forma\u00e7\u00e3o de filas para as devidas retiradas, seja obedecido o distanciamento m\u00ednimo de seguran\u00e7a.<\/p>\n<p style=\"text-align: justify;\">Vale ressaltar que algumas escolas j\u00e1 realizaram as distribui\u00e7\u00f5es nos dias 28, 29 e 30, restando apenas as seguintes institui\u00e7\u00f5es:<\/p>\n<p style=\"text-align: justify;\"><span style=\"text-decoration: underline;\"><strong>Dia 04\/08<\/strong><\/span><\/p>\n<p style=\"text-align: justify;\">Escola Luzia Francisca Concei\u00e7\u00e3o \u2013 Povoado Nova Esperan\u00e7a<\/p>\n<p style=\"text-align: justify;\">CMEI Josefa F. Bastos \u2013 Povoado Nova Esperan\u00e7a<\/p>\n<p style=\"text-align: justify;\">Escola Ferreira Brito \u2013 Distrito de Vila Rodrigues<\/p>\n<p style=\"text-align: justify;\">Escola Dr. D\u00e9rcio Santana &#8211;\u00a0 Povoado Curral Falso<\/p>\n<p style=\"text-align: justify;\">CMEI Evaldo Jos\u00e9 Santana \u2013 Povaodo Curral Falso<\/p>\n<p style=\"text-align: justify;\">Escola Ana de Deus \u2013 Povoado Pedra<\/p>\n<p style=\"text-align: justify;\">CMEI Abelarda Rainha \u2013 Povoado Pedra<\/p>\n<p style=\"text-align: justify;\"><span style=\"text-decoration: underline;\"><strong>Dia 05\/08<\/strong><\/span><\/p>\n<p style=\"text-align: justify;\">Escola Jo\u00e3o Vicente de Santana &#8211;\u00a0 Povoado Cajazeira<\/p>\n<p style=\"text-align: justify;\">Escola Josefa Maria do Carmo Santos \u2013 Povoado Baixa das Antas<\/p>\n<p style=\"text-align: justify;\">CMEI Luzia Rodrigues Santos &#8211;\u00a0 Bairro Pombalzinho<\/p>\n<p style=\"text-align: justify;\">Escola Manoel Nascimento Dantas \u2013 Bairro Vila Oper\u00e1ria<\/p>\n<p style=\"text-align: justify;\"><span style=\"text-decoration: underline;\"><strong>Dia 11\/08<\/strong><\/span><\/p>\n<p style=\"text-align: justify;\">Escola Pureza Brito &#8211;\u00a0 Centro<\/p>\n<p style=\"text-align: justify;\">Escola Ad\u00e9lia Costa &#8211;\u00a0 Centro<\/p>\n<p style=\"text-align: justify;\">Escola Nadilza Brito \u2013 Centro<\/p>\n<p style=\"text-align: justify;\">Escola Joana Ang\u00e9lica \u2013 Centro<\/p>\n<p style=\"text-align: justify;\"><span style=\"text-decoration: underline;\"><strong>Dia 12\/08<\/strong><\/span><\/p>\n<p style=\"text-align: justify;\">Escola Calazans Guerra \u2013 Centro<\/p>\n<p style=\"text-align: justify;\">Escola Assembleia de Deus &#8211;\u00a0 Centro<\/p>\n<p style=\"text-align: justify;\">Escola Pedro Costa \u2013 Centro<\/p>\n<p style=\"text-align: justify;\">CMEI \u2013 Elias Ven\u00e2ncio Souza \u2013 Bairro Pedro Tiburcio<\/p>\n<p style=\"text-align: justify;\">CMEI \u2013 Erineia Bizerra Souza \u2013 Bairro Vila Oper\u00e1ria<\/p>\n<p style=\"text-align: justify;\"><span style=\"text-decoration: underline;\"><strong>18\/08<\/strong><\/span><\/p>\n<p style=\"text-align: justify;\">Col\u00e9gio Ev\u00eancia Brito \u2013 Centro<\/p>\n<p style=\"text-align: justify;\">Escola Rui Barbosa \u2013 Centro<\/p>\n<p style=\"text-align: justify;\">Escola Pl\u00e1cido Pitta &#8211;\u00a0 Centro<\/p>\n<p style=\"text-align: justify;\"><em>Reda\u00e7\u00e3o: Portal Alerta<\/em><\/p>\n<p style=\"text-align: justify;\"><strong><em>#fiqueemcasa<\/em><\/strong><\/p>\n<p style=\"text-align: justify;\"><strong><em>#usemascaras<\/em><\/strong><\/p>\n","protected":false},"excerpt":{"rendered":"<p>O munic\u00edpio de Ribeira do Pombal-BA divulgou o cronograma para a entrega dos Kits Merenda Escolar, a serem realizadas nas escolas em que os alunos est\u00e3o matriculados.<\/p>\n","protected":false},"author":2,"featured_media":25991,"comment_status":"open","ping_status":"open","sticky":false,"template":"","format":"standard","meta":{"om_disable_all_campaigns":false,"_monsterinsights_skip_tracking":false,"_monsterinsights_sitenote_active":false,"_monsterinsights_sitenote_note":"","_monsterinsights_sitenote_category":0,"footnotes":""},"categories":[70,20,69,32,3],"tags":[140,3755,47,61],"class_list":["post-27868","post","type-post","status-publish","format-standard","has-post-thumbnail","hentry","category-destaques","category-educacao","category-noticias2","category-regiao","category-ribeira-do-pombal","tag-educacao","tag-kit-merenda","tag-ribeira-do-pombal","tag-saude"],"aioseo_notices":[],"_links":{"self":[{"href":"https:\/\/www.portalalerta.com.br\/index.php\/wp-json\/wp\/v2\/posts\/27868","targetHints":{"allow":["GET"]}}],"collection":[{"href":"https:\/\/www.portalalerta.com.br\/index.php\/wp-json\/wp\/v2\/posts"}],"about":[{"href":"https:\/\/www.portalalerta.com.br\/index.php\/wp-json\/wp\/v2\/types\/post"}],"author":[{"embeddable":true,"href":"https:\/\/www.portalalerta.com.br\/index.php\/wp-json\/wp\/v2\/users\/2"}],"replies":[{"embeddable":true,"href":"https:\/\/www.portalalerta.com.br\/index.php\/wp-json\/wp\/v2\/comments?post=27868"}],"version-history":[{"count":2,"href":"https:\/\/www.portalalerta.com.br\/index.php\/wp-json\/wp\/v2\/posts\/27868\/revisions"}],"predecessor-version":[{"id":27875,"href":"https:\/\/www.portalalerta.com.br\/index.php\/wp-json\/wp\/v2\/posts\/27868\/revisions\/27875"}],"wp:featuredmedia":[{"embeddable":true,"href":"https:\/\/www.portalalerta.com.br\/index.php\/wp-json\/wp\/v2\/media\/25991"}],"wp:attachment":[{"href":"https:\/\/www.portalalerta.com.br\/index.php\/wp-json\/wp\/v2\/media?parent=27868"}],"wp:term":[{"taxonomy":"category","embeddable":true,"href":"https:\/\/www.portalalerta.com.br\/index.php\/wp-json\/wp\/v2\/categories?post=27868"},{"taxonomy":"post_tag","embeddable":true,"href":"https:\/\/www.portalalerta.com.br\/index.php\/wp-json\/wp\/v2\/tags?post=27868"}],"curies":[{"name":"wp","href":"https:\/\/api.w.org\/{rel}","templated":true}]}}