{"id":27878,"date":"2020-07-31T15:53:30","date_gmt":"2020-07-31T18:53:30","guid":{"rendered":"https:\/\/www.portalalerta.com.br\/?p=27878"},"modified":"2020-07-31T15:53:30","modified_gmt":"2020-07-31T18:53:30","slug":"diamantes-e-barras-de-ouro-de-sergio-cabral-arrecadam-mais-de-r-45-mi-em-leilao","status":"publish","type":"post","link":"https:\/\/www.portalalerta.com.br\/index.php\/2020\/07\/31\/diamantes-e-barras-de-ouro-de-sergio-cabral-arrecadam-mais-de-r-45-mi-em-leilao\/","title":{"rendered":"Diamantes e barras de ouro de S\u00e9rgio Cabral arrecadam mais de R$ 4,5 mi em leil\u00e3o"},"content":{"rendered":"<p style=\"text-align: justify;\">As pedras de diamantes e barras de ouros que pertenciam ao ex-governador S\u00e9rgio Cabral foram vendidas por cerca de R$ 4,5 milh\u00f5es em leil\u00e3o realizado quarta (29). No total, foram leiloados 15 diamantes lapidados e cinco barras de ouro 24 quilates, avaliados em R$ 3 milh\u00f5es.<!--more--><\/p>\n<p style=\"text-align: justify;\"><img fetchpriority=\"high\" decoding=\"async\" class=\"size-thumbnail wp-image-26974 alignleft\" src=\"https:\/\/www.portalalerta.com.br\/wp-content\/uploads\/2020\/07\/Carn\u00ea-Premiado-Real-300x240.jpg\" alt=\"\" width=\"300\" height=\"240\" \/>Segundo o G1, os lances iniciais variavam de R$ 52,6 mil a R$ 246,5 mil \u2014 respectivamente, uma pedra de diamante com 2,05 quilates e outra com 4,06 quilates.<\/p>\n<p style=\"text-align: justify;\">O preg\u00e3o foi autorizado pela Secretaria Nacional de Pol\u00edticas sobre Drogas do Minist\u00e9rio da Justi\u00e7a e Seguran\u00e7a P\u00fablica (Senad\/MJSP).<\/p>\n<p style=\"text-align: justify;\"><em>Fonte: R\u00e1dio Povo <\/em><\/p>\n<p style=\"text-align: justify;\"><em>Com informa\u00e7\u00f5es: \u00a0Metro1<\/em><\/p>\n","protected":false},"excerpt":{"rendered":"<p>As pedras de diamantes e barras de ouros que pertenciam ao ex-governador S\u00e9rgio Cabral foram vendidas por cerca de R$ 4,5 milh\u00f5es em leil\u00e3o realizado quarta (29). No total, foram leiloados 15 diamantes lapidados e cinco barras de ouro 24 quilates, avaliados em R$ 3 milh\u00f5es.<\/p>\n","protected":false},"author":2,"featured_media":27879,"comment_status":"open","ping_status":"open","sticky":false,"template":"","format":"standard","meta":{"om_disable_all_campaigns":false,"_monsterinsights_skip_tracking":false,"_monsterinsights_sitenote_active":false,"_monsterinsights_sitenote_note":"","_monsterinsights_sitenote_category":0,"footnotes":""},"categories":[34,70,69,21],"tags":[93,117,320,300],"class_list":["post-27878","post","type-post","status-publish","format-standard","has-post-thumbnail","hentry","category-brasil","category-destaques","category-noticias2","category-politica","tag-brasil","tag-ex-governador","tag-leilao","tag-rio-de-janeiro"],"aioseo_notices":[],"_links":{"self":[{"href":"https:\/\/www.portalalerta.com.br\/index.php\/wp-json\/wp\/v2\/posts\/27878","targetHints":{"allow":["GET"]}}],"collection":[{"href":"https:\/\/www.portalalerta.com.br\/index.php\/wp-json\/wp\/v2\/posts"}],"about":[{"href":"https:\/\/www.portalalerta.com.br\/index.php\/wp-json\/wp\/v2\/types\/post"}],"author":[{"embeddable":true,"href":"https:\/\/www.portalalerta.com.br\/index.php\/wp-json\/wp\/v2\/users\/2"}],"replies":[{"embeddable":true,"href":"https:\/\/www.portalalerta.com.br\/index.php\/wp-json\/wp\/v2\/comments?post=27878"}],"version-history":[{"count":1,"href":"https:\/\/www.portalalerta.com.br\/index.php\/wp-json\/wp\/v2\/posts\/27878\/revisions"}],"predecessor-version":[{"id":27880,"href":"https:\/\/www.portalalerta.com.br\/index.php\/wp-json\/wp\/v2\/posts\/27878\/revisions\/27880"}],"wp:featuredmedia":[{"embeddable":true,"href":"https:\/\/www.portalalerta.com.br\/index.php\/wp-json\/wp\/v2\/media\/27879"}],"wp:attachment":[{"href":"https:\/\/www.portalalerta.com.br\/index.php\/wp-json\/wp\/v2\/media?parent=27878"}],"wp:term":[{"taxonomy":"category","embeddable":true,"href":"https:\/\/www.portalalerta.com.br\/index.php\/wp-json\/wp\/v2\/categories?post=27878"},{"taxonomy":"post_tag","embeddable":true,"href":"https:\/\/www.portalalerta.com.br\/index.php\/wp-json\/wp\/v2\/tags?post=27878"}],"curies":[{"name":"wp","href":"https:\/\/api.w.org\/{rel}","templated":true}]}}