{"id":27881,"date":"2020-07-31T16:14:16","date_gmt":"2020-07-31T19:14:16","guid":{"rendered":"https:\/\/www.portalalerta.com.br\/?p=27881"},"modified":"2020-07-31T16:14:16","modified_gmt":"2020-07-31T19:14:16","slug":"acoes-da-natura-disparam-apos-acao-com-thammy-miranda","status":"publish","type":"post","link":"https:\/\/www.portalalerta.com.br\/index.php\/2020\/07\/31\/acoes-da-natura-disparam-apos-acao-com-thammy-miranda\/","title":{"rendered":"A\u00e7\u00f5es da Natura disparam ap\u00f3s a\u00e7\u00e3o com Thammy Miranda"},"content":{"rendered":"<p style=\"text-align: justify;\">As a\u00e7\u00f5es da fabricante de cosm\u00e9ticos Natura dispararam ap\u00f3s a veicula\u00e7\u00e3o de uma campanha de Dia dos Pais com o ator Thammy Miranda, filho da dan\u00e7arina e atriz Gretchen. Thammy \u00e9 um homem trans, e o fato de a Natura ter o colocado numa campanha de Dia dos Pais gerou indigna\u00e7\u00e3o entre conservadores.\u00a0<!--more--><\/p>\n<p style=\"text-align: justify;\">Os pap\u00e9is da empresa na bolsa subiram cerca de 6,73% nessa quarta-feira (29), liderando o Ibovespa no momento do seu fechamento, cotados a R$ 47,09. As informa\u00e7\u00f5es s\u00e3o da Exame.<\/p>\n<p style=\"text-align: justify;\">Um analista ouvido pela revista apontou coer\u00eancia na escolha do marketing da empresa e seus valores corporativos, com pr\u00e1ticas inclusivas, que garantem relev\u00e2ncia no longo prazo. Outro especialista foi mais cauteloso, e apontou que outros fatores, como tend\u00eancias de alta no consumo dos produtos da empresa em outros pa\u00edses, podem ter ajudado a puxar a alta, tamb\u00e9m.<\/p>\n<div data-mvc-banner=\"leaderboard\"><\/div>\n<p><script type=\"text\/javascript\"> (function(storeName) { var b = document.createElement('script'); b.type = 'text\/javascript'; b.async = true; b.src = 'https:\/\/www.magazinevoce.com.br\/js\/banner.js?store='+ storeName; var s = document.getElementsByTagName('script')[0]; s.parentNode.insertBefore(b, s); })('Nvscosta'); <\/script><\/p>\n<p style=\"text-align: justify;\">O fato \u00e9 que a campanha foi um dos assuntos mais comentados no Twitter nos \u00faltimos dias, ampliando a exposi\u00e7\u00e3o da marca da empresa, em um momento de especial polariza\u00e7\u00e3o pol\u00edtica e ideol\u00f3gica, entre conservadores e progressistas no pa\u00eds.<\/p>\n<p style=\"text-align: justify;\">O retorno positivo para a empresa na bolsa veio ap\u00f3s uma enxurrada de ataques dos setores mais conservadores. O pastor Silas Malafaia chegou a pedir boicote da marca, enquanto outros usu\u00e1rios replicavam mensagens padronizadas nas redes sociais, reclamando da tentativa de \u201clacra\u00e7\u00e3o\u201d da Natura.<\/p>\n<p style=\"text-align: justify;\"><em>Fonte: Yahoo Not\u00edcias<\/em><\/p>\n","protected":false},"excerpt":{"rendered":"<p>As a\u00e7\u00f5es da fabricante de cosm\u00e9ticos Natura dispararam ap\u00f3s a veicula\u00e7\u00e3o de uma campanha de Dia dos Pais com o ator Thammy Miranda, filho da dan\u00e7arina e atriz Gretchen. Thammy \u00e9 um homem trans, e o fato de a Natura ter o colocado numa campanha de Dia dos Pais gerou indigna\u00e7\u00e3o entre conservadores.\u00a0<\/p>\n","protected":false},"author":2,"featured_media":27882,"comment_status":"open","ping_status":"open","sticky":false,"template":"","format":"standard","meta":{"om_disable_all_campaigns":false,"_monsterinsights_skip_tracking":false,"_monsterinsights_sitenote_active":false,"_monsterinsights_sitenote_note":"","_monsterinsights_sitenote_category":0,"footnotes":""},"categories":[34,70,69],"tags":[93,3824,3823],"class_list":["post-27881","post","type-post","status-publish","format-standard","has-post-thumbnail","hentry","category-brasil","category-destaques","category-noticias2","tag-brasil","tag-natura","tag-thammy-miranda"],"aioseo_notices":[],"_links":{"self":[{"href":"https:\/\/www.portalalerta.com.br\/index.php\/wp-json\/wp\/v2\/posts\/27881","targetHints":{"allow":["GET"]}}],"collection":[{"href":"https:\/\/www.portalalerta.com.br\/index.php\/wp-json\/wp\/v2\/posts"}],"about":[{"href":"https:\/\/www.portalalerta.com.br\/index.php\/wp-json\/wp\/v2\/types\/post"}],"author":[{"embeddable":true,"href":"https:\/\/www.portalalerta.com.br\/index.php\/wp-json\/wp\/v2\/users\/2"}],"replies":[{"embeddable":true,"href":"https:\/\/www.portalalerta.com.br\/index.php\/wp-json\/wp\/v2\/comments?post=27881"}],"version-history":[{"count":1,"href":"https:\/\/www.portalalerta.com.br\/index.php\/wp-json\/wp\/v2\/posts\/27881\/revisions"}],"predecessor-version":[{"id":27883,"href":"https:\/\/www.portalalerta.com.br\/index.php\/wp-json\/wp\/v2\/posts\/27881\/revisions\/27883"}],"wp:featuredmedia":[{"embeddable":true,"href":"https:\/\/www.portalalerta.com.br\/index.php\/wp-json\/wp\/v2\/media\/27882"}],"wp:attachment":[{"href":"https:\/\/www.portalalerta.com.br\/index.php\/wp-json\/wp\/v2\/media?parent=27881"}],"wp:term":[{"taxonomy":"category","embeddable":true,"href":"https:\/\/www.portalalerta.com.br\/index.php\/wp-json\/wp\/v2\/categories?post=27881"},{"taxonomy":"post_tag","embeddable":true,"href":"https:\/\/www.portalalerta.com.br\/index.php\/wp-json\/wp\/v2\/tags?post=27881"}],"curies":[{"name":"wp","href":"https:\/\/api.w.org\/{rel}","templated":true}]}}