{"id":27890,"date":"2020-07-31T22:04:00","date_gmt":"2020-08-01T01:04:00","guid":{"rendered":"https:\/\/www.portalalerta.com.br\/?p=27890"},"modified":"2020-07-31T22:04:00","modified_gmt":"2020-08-01T01:04:00","slug":"lula-acredita-que-bolsonaro-fingiu-ter-coronavirus-para-promover-a-cloroquina","status":"publish","type":"post","link":"https:\/\/www.portalalerta.com.br\/index.php\/2020\/07\/31\/lula-acredita-que-bolsonaro-fingiu-ter-coronavirus-para-promover-a-cloroquina\/","title":{"rendered":"Lula acredita que Bolsonaro fingiu ter coronav\u00edrus para promover a cloroquina"},"content":{"rendered":"<p style=\"text-align: justify;\">O ex-presidente Lula afirmou na \u00faltima quinta-feira (30) suspeitar que o\u00a0presidente Jair Bolsonaro\u00a0&#8220;inventou&#8221; ter sido infectado pelo\u00a0novo coronav\u00edrus\u00a0para fazer propaganda sobre a cloroquina.<!--more--><\/p>\n<p style=\"text-align: justify;\">&#8220;Acho que Bolsonaro inventou que estava contaminado para poder fazer propaganda do rem\u00e9dio&#8221;, disse o ex-presidente em uma coletiva de imprensa virtual com correspondentes estrangeiros em S\u00e3o Paulo. &#8220;N\u00e3o sei se ele \u00e9 s\u00f3cio, mas se comporta como se fosse dono da f\u00e1brica que faz o rem\u00e9dio&#8221;, acrescentou.<\/p>\n<p style=\"text-align: justify;\"><img fetchpriority=\"high\" decoding=\"async\" class=\"alignleft wp-image-26973 size-full\" src=\"https:\/\/www.portalalerta.com.br\/wp-content\/uploads\/2020\/07\/Carn\u00ea-Premiado-Real-2020.jpg\" alt=\"\" width=\"281\" height=\"500\" \/>Lula, de 74 anos, considera a gest\u00e3o de Bolsonaro durante a pandemia como sendo &#8220;irrespons\u00e1vel&#8221;. &#8220;Por isso estamos vivendo hoje uma situa\u00e7\u00e3o grav\u00edssima e n\u00e3o vejo uma sa\u00edda a curto prazo&#8221;, afirmou.<\/p>\n<p style=\"text-align: justify;\">Bolsonaro, de 65 anos, anunciou em\u00a07 de julho ter sido diagnosticado com a COVID-19, e desde ent\u00e3o cumpria sua agenda a partir da resid\u00eancia oficial em Bras\u00edlia, at\u00e9 que no dia 25 afirmou ter testado negativo para a doen\u00e7a.<\/p>\n<p style=\"text-align: justify;\">Durante esse per\u00edodo, ele fez v\u00e1rias apari\u00e7\u00f5es p\u00fablicas nas quais mostrou uma\u00a0caixa de hidroxicloroquina, um medicamento cuja efic\u00e1cia contra o coronav\u00edrus n\u00e3o \u00e9 cientificamente comprovada.<\/p>\n<p style=\"text-align: justify;\">Nesta quinta-feira, a Presid\u00eancia anunciou que a\u00a0primeira-dama, Michelle Bolsonaro, tamb\u00e9m testou positivo para o novo coronav\u00edrus.<\/p>\n<p style=\"text-align: justify;\">Desde o in\u00edcio da pandemia, que j\u00e1 deixou mais de 90 mil mortos no Brasil, Bolsonaro critica as medidas de confinamento propostas pelos governadores, justificando sobre o ponto de vista do impacto econ\u00f4mico, e at\u00e9 descreveu a doen\u00e7a como uma &#8220;gripezinha&#8221;.<\/p>\n<p style=\"text-align: justify;\">Lula, confinado desde mar\u00e7o em seu apartamento em S\u00e3o Bernardo do Campo, tamb\u00e9m questionou o relacionamento de Bolsonaro com o mandat\u00e1rio americano Donald Trump.<\/p>\n<p style=\"text-align: justify;\">&#8220;Bolsonaro se comporta, o Ministro das Rela\u00e7\u00f5es Exteriores [Eduardo Ara\u00fajo] se comporta como um lambe-botas (&#8230;)&#8221;, afirmou o l\u00edder do Partido dos Trabalhadores (PT).<\/p>\n<p style=\"text-align: justify;\">A possibilidade de Trump ser derrotado pelo democrata Joe Biden nas elei\u00e7\u00f5es de novembro poderia dar outra perspectiva a alguns aspectos do relacionamento entre as duas maiores economias das Am\u00e9ricas, segundo Lula.<\/p>\n<p style=\"text-align: justify;\">&#8220;Um novo governo pode mudar o comportamento com o Brasil, para exigir que se respeite a democracia, os Direitos Humanos, [e que se adote] uma pol\u00edtica para evitar o desmatamento na Amaz\u00f4nia&#8221;, afirmou.<\/p>\n<p style=\"text-align: justify;\">Lula, que deixou o governo em 2010 com altos \u00edndices de popularidade, aguarda o resultado de um recurso contra uma senten\u00e7a de quase 9 anos de pris\u00e3o por corrup\u00e7\u00e3o, cumprida por ele parcialmente entre abril de 2018 e novembro de 2019.<\/p>\n<p style=\"text-align: justify;\"><em>Fonte: Yahoo Not\u00edcias<\/em><\/p>\n","protected":false},"excerpt":{"rendered":"<p>O ex-presidente Lula afirmou na \u00faltima quinta-feira (30) suspeitar que o\u00a0presidente Jair Bolsonaro\u00a0&#8220;inventou&#8221; ter sido infectado pelo\u00a0novo coronav\u00edrus\u00a0para fazer propaganda sobre a cloroquina.<\/p>\n","protected":false},"author":2,"featured_media":27598,"comment_status":"open","ping_status":"open","sticky":false,"template":"","format":"standard","meta":{"om_disable_all_campaigns":false,"_monsterinsights_skip_tracking":false,"_monsterinsights_sitenote_active":false,"_monsterinsights_sitenote_note":"","_monsterinsights_sitenote_category":0,"footnotes":""},"categories":[34,70,69,21,19],"tags":[93,3429,3486,3494,1395,303],"class_list":["post-27890","post","type-post","status-publish","format-standard","has-post-thumbnail","hentry","category-brasil","category-destaques","category-noticias2","category-politica","category-saude","tag-brasil","tag-coronavirus","tag-covid-19","tag-hidroxicloroquina","tag-jair-bolsonaro","tag-lula"],"aioseo_notices":[],"_links":{"self":[{"href":"https:\/\/www.portalalerta.com.br\/index.php\/wp-json\/wp\/v2\/posts\/27890","targetHints":{"allow":["GET"]}}],"collection":[{"href":"https:\/\/www.portalalerta.com.br\/index.php\/wp-json\/wp\/v2\/posts"}],"about":[{"href":"https:\/\/www.portalalerta.com.br\/index.php\/wp-json\/wp\/v2\/types\/post"}],"author":[{"embeddable":true,"href":"https:\/\/www.portalalerta.com.br\/index.php\/wp-json\/wp\/v2\/users\/2"}],"replies":[{"embeddable":true,"href":"https:\/\/www.portalalerta.com.br\/index.php\/wp-json\/wp\/v2\/comments?post=27890"}],"version-history":[{"count":1,"href":"https:\/\/www.portalalerta.com.br\/index.php\/wp-json\/wp\/v2\/posts\/27890\/revisions"}],"predecessor-version":[{"id":27891,"href":"https:\/\/www.portalalerta.com.br\/index.php\/wp-json\/wp\/v2\/posts\/27890\/revisions\/27891"}],"wp:featuredmedia":[{"embeddable":true,"href":"https:\/\/www.portalalerta.com.br\/index.php\/wp-json\/wp\/v2\/media\/27598"}],"wp:attachment":[{"href":"https:\/\/www.portalalerta.com.br\/index.php\/wp-json\/wp\/v2\/media?parent=27890"}],"wp:term":[{"taxonomy":"category","embeddable":true,"href":"https:\/\/www.portalalerta.com.br\/index.php\/wp-json\/wp\/v2\/categories?post=27890"},{"taxonomy":"post_tag","embeddable":true,"href":"https:\/\/www.portalalerta.com.br\/index.php\/wp-json\/wp\/v2\/tags?post=27890"}],"curies":[{"name":"wp","href":"https:\/\/api.w.org\/{rel}","templated":true}]}}