{"id":27892,"date":"2020-07-31T22:14:31","date_gmt":"2020-08-01T01:14:31","guid":{"rendered":"https:\/\/www.portalalerta.com.br\/?p=27892"},"modified":"2020-07-31T22:14:31","modified_gmt":"2020-08-01T01:14:31","slug":"crianca-que-sofria-maus-tratos-da-mae-aparece-morta-de-forma-misteriosa-em-itapicuru-ba","status":"publish","type":"post","link":"https:\/\/www.portalalerta.com.br\/index.php\/2020\/07\/31\/crianca-que-sofria-maus-tratos-da-mae-aparece-morta-de-forma-misteriosa-em-itapicuru-ba\/","title":{"rendered":"Crian\u00e7a que sofria maus-tratos da m\u00e3e aparece morta de forma misteriosa em Itapicuru-BA"},"content":{"rendered":"<p style=\"text-align: justify;\">Um fato est\u00e1 intrigando moradores do Distrito de Lagoa Redonda, munic\u00edpio de Itapicuru-BA. Na tarde desta quinta-feira, 30, uma crian\u00e7a morreu de forma misteriosa, de acordo com a m\u00e3e do garoto, ele teria morrido por conta de uma comida que fez mal.<!--more--><\/p>\n<div style=\"text-align: justify;\" data-mvc-banner=\"leaderboard\"><\/div>\n<p style=\"text-align: justify;\"><script type=\"text\/javascript\"> (function(storeName) { var b = document.createElement('script'); b.type = 'text\/javascript'; b.async = true; b.src = 'https:\/\/www.magazinevoce.com.br\/js\/banner.js?store='+ storeName; var s = document.getElementsByTagName('script')[0]; s.parentNode.insertBefore(b, s); })('Nvscosta'); <\/script><\/p>\n<p style=\"text-align: justify;\">J\u00e1 na comunidade, moradores afirmam que a crian\u00e7a sofria maus-tratos pela m\u00e3e, e que recentemente teria apanhado bastante de sua genitora, e o corpo do menino se encontrava com v\u00e1rios hematomas.<\/p>\n<p style=\"text-align: justify;\"><em>Fonte: Itapicuru Not\u00edcias<\/em><\/p>\n<p style=\"text-align: justify;\"><em>Com informa\u00e7\u00f5es: Portal Sergipano<\/em><\/p>\n","protected":false},"excerpt":{"rendered":"<p>Um fato est\u00e1 intrigando moradores do Distrito de Lagoa Redonda, munic\u00edpio de Itapicuru-BA. Na tarde desta quinta-feira, 30, uma crian\u00e7a morreu de forma misteriosa, de acordo com a m\u00e3e do garoto, ele teria morrido por conta de uma comida que fez mal.<\/p>\n","protected":false},"author":2,"featured_media":27893,"comment_status":"open","ping_status":"open","sticky":false,"template":"","format":"standard","meta":{"om_disable_all_campaigns":false,"_monsterinsights_skip_tracking":false,"_monsterinsights_sitenote_active":false,"_monsterinsights_sitenote_note":"","_monsterinsights_sitenote_category":0,"footnotes":""},"categories":[70,18,69,32,22],"tags":[546,132,169],"class_list":["post-27892","post","type-post","status-publish","format-standard","has-post-thumbnail","hentry","category-destaques","category-itapicuru","category-noticias2","category-regiao","category-seguranca","tag-crianca","tag-itapicuru","tag-morte"],"aioseo_notices":[],"_links":{"self":[{"href":"https:\/\/www.portalalerta.com.br\/index.php\/wp-json\/wp\/v2\/posts\/27892","targetHints":{"allow":["GET"]}}],"collection":[{"href":"https:\/\/www.portalalerta.com.br\/index.php\/wp-json\/wp\/v2\/posts"}],"about":[{"href":"https:\/\/www.portalalerta.com.br\/index.php\/wp-json\/wp\/v2\/types\/post"}],"author":[{"embeddable":true,"href":"https:\/\/www.portalalerta.com.br\/index.php\/wp-json\/wp\/v2\/users\/2"}],"replies":[{"embeddable":true,"href":"https:\/\/www.portalalerta.com.br\/index.php\/wp-json\/wp\/v2\/comments?post=27892"}],"version-history":[{"count":1,"href":"https:\/\/www.portalalerta.com.br\/index.php\/wp-json\/wp\/v2\/posts\/27892\/revisions"}],"predecessor-version":[{"id":27894,"href":"https:\/\/www.portalalerta.com.br\/index.php\/wp-json\/wp\/v2\/posts\/27892\/revisions\/27894"}],"wp:featuredmedia":[{"embeddable":true,"href":"https:\/\/www.portalalerta.com.br\/index.php\/wp-json\/wp\/v2\/media\/27893"}],"wp:attachment":[{"href":"https:\/\/www.portalalerta.com.br\/index.php\/wp-json\/wp\/v2\/media?parent=27892"}],"wp:term":[{"taxonomy":"category","embeddable":true,"href":"https:\/\/www.portalalerta.com.br\/index.php\/wp-json\/wp\/v2\/categories?post=27892"},{"taxonomy":"post_tag","embeddable":true,"href":"https:\/\/www.portalalerta.com.br\/index.php\/wp-json\/wp\/v2\/tags?post=27892"}],"curies":[{"name":"wp","href":"https:\/\/api.w.org\/{rel}","templated":true}]}}