{"id":27896,"date":"2020-08-01T16:15:22","date_gmt":"2020-08-01T19:15:22","guid":{"rendered":"https:\/\/www.portalalerta.com.br\/?p=27896"},"modified":"2020-08-01T16:15:22","modified_gmt":"2020-08-01T19:15:22","slug":"tres-pessoas-da-mesma-familia-e-uma-gestante-morrem-em-acidente-em-euclides-da-cunha-ba","status":"publish","type":"post","link":"https:\/\/www.portalalerta.com.br\/index.php\/2020\/08\/01\/tres-pessoas-da-mesma-familia-e-uma-gestante-morrem-em-acidente-em-euclides-da-cunha-ba\/","title":{"rendered":"Tr\u00eas pessoas da mesma fam\u00edlia e uma gestante morrem em acidente em Euclides da Cunha-BA"},"content":{"rendered":"<p style=\"text-align: justify;\">Colis\u00e3o entre um caminh\u00e3o e um carro de passeio mata tr\u00eas pessoas da mesma fam\u00edlia e uma mulher gr\u00e1vida, na BR 116\/Norte, em de Euclides da Cunha-BA. O acidente aconteceu por volta das 8h desta sexta-feira, 31, na localidade de Cai Duro, em \u00e1rea rural.<!--more--><\/p>\n<p style=\"text-align: justify;\"><img fetchpriority=\"high\" decoding=\"async\" class=\"size-thumbnail wp-image-9394 alignleft\" src=\"https:\/\/www.portalalerta.com.br\/wp-content\/uploads\/2018\/07\/05elab-320x240.jpg\" alt=\"\" width=\"320\" height=\"240\" srcset=\"https:\/\/www.portalalerta.com.br\/wp-content\/uploads\/2018\/07\/05elab-320x240.jpg 320w, https:\/\/www.portalalerta.com.br\/wp-content\/uploads\/2018\/07\/05elab-195x146.jpg 195w, https:\/\/www.portalalerta.com.br\/wp-content\/uploads\/2018\/07\/05elab-50x38.jpg 50w, https:\/\/www.portalalerta.com.br\/wp-content\/uploads\/2018\/07\/05elab-100x75.jpg 100w, https:\/\/www.portalalerta.com.br\/wp-content\/uploads\/2018\/07\/05elab.jpg 400w\" sizes=\"(max-width: 320px) 100vw, 320px\" \/>Segundo informa\u00e7\u00f5es, os ve\u00edculos colidiram frontalmente e as pessoas morreram no local, presas entre as ferragens.<\/p>\n<p style=\"text-align: justify;\">Com o impacto, o carro de passeio ficou completamente destru\u00eddo. O caminh\u00e3o ficou tombado lateralmente. Ambos foram parar \u00e0 beira da pista de rolamento.<\/p>\n<p style=\"text-align: justify;\">Somente na parte da tarde os corpos foram retirados das ferragens atrav\u00e9s do trabalho do Corpo de Bombeiros do munic\u00edpio de Paulo Afonso.<\/p>\n<p style=\"text-align: justify;\">Os corpos foram encaminhados ao IML (Instituto M\u00e9dico Legal) de Euclides da Cunha para realiza\u00e7\u00e3o de necropsia e posterior libera\u00e7\u00e3o aos familiares para sepultamento.<\/p>\n<p style=\"text-align: justify;\">Informa\u00e7\u00f5es apuradas por outros ve\u00edculos de comunica\u00e7\u00e3o indicam que as v\u00edtimas fatais moravam no munic\u00edpio de Chorroch\u00f3 e que a mulher gr\u00e1vida faria uma ultrassonografia em Euclides da Cunha \u2013 para onde todos viajavam \u2013 para saber como estava o beb\u00ea.<\/p>\n<p style=\"text-align: justify;\"><em>Fonte: euclidesdacunha.com<\/em><\/p>\n","protected":false},"excerpt":{"rendered":"<p>Colis\u00e3o entre um caminh\u00e3o e um carro de passeio mata tr\u00eas pessoas da mesma fam\u00edlia e uma mulher gr\u00e1vida, na BR 116\/Norte, em de Euclides da Cunha-BA. O acidente aconteceu por volta das 8h desta sexta-feira, 31, na localidade de Cai Duro, em \u00e1rea rural.<\/p>\n","protected":false},"author":2,"featured_media":27898,"comment_status":"open","ping_status":"open","sticky":false,"template":"","format":"standard","meta":{"om_disable_all_campaigns":false,"_monsterinsights_skip_tracking":false,"_monsterinsights_sitenote_active":false,"_monsterinsights_sitenote_note":"","_monsterinsights_sitenote_category":0,"footnotes":""},"categories":[70,17,69,32],"tags":[166,289,129,608],"class_list":["post-27896","post","type-post","status-publish","format-standard","has-post-thumbnail","hentry","category-destaques","category-euclides-da-cunha","category-noticias2","category-regiao","tag-acidente","tag-br-116","tag-euclides-da-cunha","tag-mortos"],"aioseo_notices":[],"_links":{"self":[{"href":"https:\/\/www.portalalerta.com.br\/index.php\/wp-json\/wp\/v2\/posts\/27896","targetHints":{"allow":["GET"]}}],"collection":[{"href":"https:\/\/www.portalalerta.com.br\/index.php\/wp-json\/wp\/v2\/posts"}],"about":[{"href":"https:\/\/www.portalalerta.com.br\/index.php\/wp-json\/wp\/v2\/types\/post"}],"author":[{"embeddable":true,"href":"https:\/\/www.portalalerta.com.br\/index.php\/wp-json\/wp\/v2\/users\/2"}],"replies":[{"embeddable":true,"href":"https:\/\/www.portalalerta.com.br\/index.php\/wp-json\/wp\/v2\/comments?post=27896"}],"version-history":[{"count":1,"href":"https:\/\/www.portalalerta.com.br\/index.php\/wp-json\/wp\/v2\/posts\/27896\/revisions"}],"predecessor-version":[{"id":27899,"href":"https:\/\/www.portalalerta.com.br\/index.php\/wp-json\/wp\/v2\/posts\/27896\/revisions\/27899"}],"wp:featuredmedia":[{"embeddable":true,"href":"https:\/\/www.portalalerta.com.br\/index.php\/wp-json\/wp\/v2\/media\/27898"}],"wp:attachment":[{"href":"https:\/\/www.portalalerta.com.br\/index.php\/wp-json\/wp\/v2\/media?parent=27896"}],"wp:term":[{"taxonomy":"category","embeddable":true,"href":"https:\/\/www.portalalerta.com.br\/index.php\/wp-json\/wp\/v2\/categories?post=27896"},{"taxonomy":"post_tag","embeddable":true,"href":"https:\/\/www.portalalerta.com.br\/index.php\/wp-json\/wp\/v2\/tags?post=27896"}],"curies":[{"name":"wp","href":"https:\/\/api.w.org\/{rel}","templated":true}]}}