{"id":27900,"date":"2020-08-01T16:28:36","date_gmt":"2020-08-01T19:28:36","guid":{"rendered":"https:\/\/www.portalalerta.com.br\/?p=27900"},"modified":"2020-08-01T16:28:36","modified_gmt":"2020-08-01T19:28:36","slug":"ex-candidato-a-presidente-nos-eua-que-se-recusava-a-usar-mascara-morre-de-coronavirus","status":"publish","type":"post","link":"https:\/\/www.portalalerta.com.br\/index.php\/2020\/08\/01\/ex-candidato-a-presidente-nos-eua-que-se-recusava-a-usar-mascara-morre-de-coronavirus\/","title":{"rendered":"Ex-candidato a presidente nos EUA que se recusava a usar m\u00e1scara morre de coronav\u00edrus"},"content":{"rendered":"<p style=\"text-align: justify;\">A morte, na \u00faltima quinta-feira (30), do ex-candidato \u00e0\u00a0presid\u00eancia dos Estados Unidos Herman Cain,\u00a0aos 74 anos, cuja causa foi atribu\u00edda ao coronav\u00edrus, foi a primeira morte relacionada \u00e0 pandemia pr\u00f3xima ao Partido Republicano e ao\u00a0presidente Donald e causou forte impacto por ser um proeminente aliado conservador e ter se destacado pelo comportamento de desd\u00e9m ao risco da Covid-19. Ele chegou at\u00e9 mesmo a se recusar a usar m\u00e1scara.<!--more--><\/p>\n<p style=\"text-align: justify;\"><img fetchpriority=\"high\" decoding=\"async\" class=\"size-thumbnail wp-image-4869 aligncenter\" src=\"https:\/\/www.portalalerta.com.br\/wp-content\/uploads\/2018\/02\/Auto-Escola-Nobre-720x181.jpg\" alt=\"\" width=\"720\" height=\"181\" srcset=\"https:\/\/www.portalalerta.com.br\/wp-content\/uploads\/2018\/02\/Auto-Escola-Nobre.jpg 720w, https:\/\/www.portalalerta.com.br\/wp-content\/uploads\/2018\/02\/Auto-Escola-Nobre-260x65.jpg 260w, https:\/\/www.portalalerta.com.br\/wp-content\/uploads\/2018\/02\/Auto-Escola-Nobre-50x13.jpg 50w, https:\/\/www.portalalerta.com.br\/wp-content\/uploads\/2018\/02\/Auto-Escola-Nobre-150x38.jpg 150w\" sizes=\"(max-width: 720px) 100vw, 720px\" \/>Sua posi\u00e7\u00e3o serviu de espelho\u00a0para muito\u00a0conservadores que vinham lideraram\u00a0uma esp\u00e9cie de\u00a0guerra cultural ao v\u00edrus. Trump chegou a homenagear\u00a0Cain no Twitter na quinta, ao dizer que ele era\u00a0\u201cuma poderosa voz da liberdade e de tudo o que \u00e9 bom\u201d.<\/p>\n<p style=\"text-align: justify;\">Apesar disso, o falecimento escancarou a disson\u00e2ncia entre o negacionismo do poder destruidor do\u00a0v\u00edrus e a realidade enfrentada pelo mundo e, principalmente, pelos EUA, que lideram a lista de pa\u00eds com mais casos e mortes da doen\u00e7a.<\/p>\n<p style=\"text-align: justify;\"><em>Fonte: Metro1<\/em><\/p>\n","protected":false},"excerpt":{"rendered":"<p>A morte, na \u00faltima quinta-feira (30), do ex-candidato \u00e0\u00a0presid\u00eancia dos Estados Unidos Herman Cain,\u00a0aos 74 anos, cuja causa foi atribu\u00edda ao coronav\u00edrus, foi a primeira morte relacionada \u00e0 pandemia pr\u00f3xima ao Partido Republicano e ao\u00a0presidente Donald e causou forte impacto por ser um proeminente aliado conservador e ter se destacado pelo comportamento de desd\u00e9m ao &hellip;<\/p>\n","protected":false},"author":2,"featured_media":27901,"comment_status":"open","ping_status":"open","sticky":false,"template":"","format":"standard","meta":{"om_disable_all_campaigns":false,"_monsterinsights_skip_tracking":false,"_monsterinsights_sitenote_active":false,"_monsterinsights_sitenote_note":"","_monsterinsights_sitenote_category":0,"footnotes":""},"categories":[70,35,69,21,19],"tags":[3429,3486,327,169,339,3827,3826,61],"class_list":["post-27900","post","type-post","status-publish","format-standard","has-post-thumbnail","hentry","category-destaques","category-mundo","category-noticias2","category-politica","category-saude","tag-coronavirus","tag-covid-19","tag-eua","tag-morte","tag-mundo","tag-partido-republicano","tag-politico","tag-saude"],"aioseo_notices":[],"_links":{"self":[{"href":"https:\/\/www.portalalerta.com.br\/index.php\/wp-json\/wp\/v2\/posts\/27900","targetHints":{"allow":["GET"]}}],"collection":[{"href":"https:\/\/www.portalalerta.com.br\/index.php\/wp-json\/wp\/v2\/posts"}],"about":[{"href":"https:\/\/www.portalalerta.com.br\/index.php\/wp-json\/wp\/v2\/types\/post"}],"author":[{"embeddable":true,"href":"https:\/\/www.portalalerta.com.br\/index.php\/wp-json\/wp\/v2\/users\/2"}],"replies":[{"embeddable":true,"href":"https:\/\/www.portalalerta.com.br\/index.php\/wp-json\/wp\/v2\/comments?post=27900"}],"version-history":[{"count":1,"href":"https:\/\/www.portalalerta.com.br\/index.php\/wp-json\/wp\/v2\/posts\/27900\/revisions"}],"predecessor-version":[{"id":27902,"href":"https:\/\/www.portalalerta.com.br\/index.php\/wp-json\/wp\/v2\/posts\/27900\/revisions\/27902"}],"wp:featuredmedia":[{"embeddable":true,"href":"https:\/\/www.portalalerta.com.br\/index.php\/wp-json\/wp\/v2\/media\/27901"}],"wp:attachment":[{"href":"https:\/\/www.portalalerta.com.br\/index.php\/wp-json\/wp\/v2\/media?parent=27900"}],"wp:term":[{"taxonomy":"category","embeddable":true,"href":"https:\/\/www.portalalerta.com.br\/index.php\/wp-json\/wp\/v2\/categories?post=27900"},{"taxonomy":"post_tag","embeddable":true,"href":"https:\/\/www.portalalerta.com.br\/index.php\/wp-json\/wp\/v2\/tags?post=27900"}],"curies":[{"name":"wp","href":"https:\/\/api.w.org\/{rel}","templated":true}]}}