{"id":27913,"date":"2020-08-01T18:36:13","date_gmt":"2020-08-01T21:36:13","guid":{"rendered":"https:\/\/www.portalalerta.com.br\/?p=27913"},"modified":"2020-08-01T18:36:13","modified_gmt":"2020-08-01T21:36:13","slug":"2-772-casos-de-covid-sao-registrados-na-bahia-nas-ultimas-24-horas","status":"publish","type":"post","link":"https:\/\/www.portalalerta.com.br\/index.php\/2020\/08\/01\/2-772-casos-de-covid-sao-registrados-na-bahia-nas-ultimas-24-horas\/","title":{"rendered":"2.772 casos de Covid s\u00e3o registrados na Bahia nas \u00faltimas 24 horas"},"content":{"rendered":"<p style=\"text-align: justify;\">Na Bahia, nas \u00faltimas 24 horas, foram registrados 2.772 casos de Covid-19 (taxa de crescimento de +1,7%) e 3.455 curados (+2,3%). As\u00a054\u00a0mortes (+1,6%) registradas neste boletim n\u00e3o representam o quantitativo de \u00f3bitos nas \u00faltimas 24 horas.<!--more--><\/p>\n<p style=\"text-align: justify;\">Dos\u00a0168.926\u00a0casos confirmados desde o in\u00edcio da pandemia,\u00a0151.473\u00a0j\u00e1 s\u00e3o considerados curados,\u00a013.936\u00a0encontram-se ativos e\u00a03.517 tiveram\u00a0\u00f3bito confirmado para Covid-19. Os casos confirmados ocorreram em\u00a0407\u00a0munic\u00edpios baianos, com maior propor\u00e7\u00e3o em\u00a0Salvador (34,35%). Os munic\u00edpios com os maiores coeficientes de incid\u00eancia por 100.000 habitantes foram Almadina (3.861,64%), D\u00e1rio Meira (3.622,78%) Gandu (3.598,43%), Itaju\u00edpe (3.391,73%) \u00a0e\u00a0Ipia\u00fa (3.080,24%).<\/p>\n<p style=\"text-align: justify;\"><img fetchpriority=\"high\" decoding=\"async\" class=\"size-thumbnail wp-image-9394 alignleft\" src=\"https:\/\/www.portalalerta.com.br\/wp-content\/uploads\/2018\/07\/05elab-320x240.jpg\" alt=\"\" width=\"320\" height=\"240\" srcset=\"https:\/\/www.portalalerta.com.br\/wp-content\/uploads\/2018\/07\/05elab-320x240.jpg 320w, https:\/\/www.portalalerta.com.br\/wp-content\/uploads\/2018\/07\/05elab-195x146.jpg 195w, https:\/\/www.portalalerta.com.br\/wp-content\/uploads\/2018\/07\/05elab-50x38.jpg 50w, https:\/\/www.portalalerta.com.br\/wp-content\/uploads\/2018\/07\/05elab-100x75.jpg 100w, https:\/\/www.portalalerta.com.br\/wp-content\/uploads\/2018\/07\/05elab.jpg 400w\" sizes=\"(max-width: 320px) 100vw, 320px\" \/>A Secretaria da Sa\u00fade do Estado da Bahia (Sesab) disponibiliza para acesso p\u00fablico, \u00e0 base de dados completa dos casos suspeitos, descartados, confirmados e \u00f3bitos relacionados ao coronav\u00edrus (Covid-19). Para fazer o download, \u00e9 simples: basta acessar o link\u00a0<a href=\"https:\/\/bi.saude.ba.gov.br\/transparencia\/\">bi.saude.ba.gov.br\/transparencia\/<\/a>\u00a0e clicar no \u00edcone localizado no topo da p\u00e1gina. A iniciativa amplia transpar\u00eancia e possibilita que qualquer cidad\u00e3o, em qualquer lugar do mundo, possa acompanhar e analisar a evolu\u00e7\u00e3o da pandemia na Bahia.<\/p>\n<p style=\"text-align: justify;\">O\u00a0<a href=\"http:\/\/www.saude.ba.gov.br\/wp-content\/uploads\/2020\/08\/Boletim-Infogr%C3%A1fico.pdf\">boletim epidemiol\u00f3gico<\/a>\u00a0contabiliza ainda\u00a0334.831 casos descartados\u00a0e 84.047 em investiga\u00e7\u00e3o. Estes\u00a0dados representam notifica\u00e7\u00f5es oficiais compiladas pelo Centro de Informa\u00e7\u00f5es Estrat\u00e9gicas em Vigil\u00e2ncia em Sa\u00fade da Bahia (Cievs-BA), em conjunto com os Cievs municipais e as bases de dados do Minist\u00e9rio da Sa\u00fade at\u00e9 as 17 horas deste s\u00e1bado (01\/08).<\/p>\n<p style=\"text-align: justify;\">Na Bahia, 15.304\u00a0profissionais da sa\u00fade foram confirmados para Covid-19. Para acessar o boletim completo,\u00a0<a href=\"http:\/\/www.saude.ba.gov.br\/wp-content\/uploads\/2020\/08\/BOLETIM_ELETRONICO_BAHIAN_130___01082020.pdf\"><strong>clique aqui<\/strong><\/a>\u00a0ou acesse o\u00a0<a href=\"https:\/\/bi.saude.ba.gov.br\/transparencia\/\"><strong>Business Intelligence<\/strong><\/a>.<\/p>\n<p style=\"text-align: justify;\"><strong>\u00d3bitos<\/strong><\/p>\n<p style=\"text-align: justify;\">A Secretaria da Sa\u00fade do Estado da Bahia (Sesab) contabiliza\u00a03.517\u00a0mortes pelo novo coronav\u00edrus. Em virtude da disponibiliza\u00e7\u00e3o da base de dados relacionada aos \u00f3bitos da Covid-19, os interessados no detalhamento dos perfis podem fazer o download do arquivo completo.<\/p>\n<p style=\"text-align: justify;\"><em>Fonte: SESAB<\/em><\/p>\n","protected":false},"excerpt":{"rendered":"<p>Na Bahia, nas \u00faltimas 24 horas, foram registrados 2.772 casos de Covid-19 (taxa de crescimento de +1,7%) e 3.455 curados (+2,3%). As\u00a054\u00a0mortes (+1,6%) registradas neste boletim n\u00e3o representam o quantitativo de \u00f3bitos nas \u00faltimas 24 horas.<\/p>\n","protected":false},"author":2,"featured_media":24057,"comment_status":"open","ping_status":"open","sticky":false,"template":"","format":"standard","meta":{"om_disable_all_campaigns":false,"_monsterinsights_skip_tracking":false,"_monsterinsights_sitenote_active":false,"_monsterinsights_sitenote_note":"","_monsterinsights_sitenote_category":0,"footnotes":""},"categories":[33,70,69,19],"tags":[100,71,48,54,49,75,45,3429,3486,46,3771,129,107,44,3724,132,230,439,3828,106,203,120,51,109,88,47,61,111,190],"class_list":["post-27913","post","type-post","status-publish","format-standard","has-post-thumbnail","hentry","category-bahia","category-destaques","category-noticias2","category-saude","tag-adustina","tag-antas","tag-araci","tag-bahia","tag-banzae","tag-cicero-dantas","tag-cipo","tag-coronavirus","tag-covid-19","tag-crisopolis","tag-curas","tag-euclides-da-cunha","tag-fatima","tag-heliopolis","tag-infeccao","tag-itapicuru","tag-jeremoabo","tag-mortes","tag-noticias","tag-nova-soure","tag-novo-triunfo","tag-olindina","tag-paripiranga","tag-quijingue","tag-ribeira-do-amparo","tag-ribeira-do-pombal","tag-saude","tag-sitio-do-quinto","tag-tucano"],"aioseo_notices":[],"_links":{"self":[{"href":"https:\/\/www.portalalerta.com.br\/index.php\/wp-json\/wp\/v2\/posts\/27913","targetHints":{"allow":["GET"]}}],"collection":[{"href":"https:\/\/www.portalalerta.com.br\/index.php\/wp-json\/wp\/v2\/posts"}],"about":[{"href":"https:\/\/www.portalalerta.com.br\/index.php\/wp-json\/wp\/v2\/types\/post"}],"author":[{"embeddable":true,"href":"https:\/\/www.portalalerta.com.br\/index.php\/wp-json\/wp\/v2\/users\/2"}],"replies":[{"embeddable":true,"href":"https:\/\/www.portalalerta.com.br\/index.php\/wp-json\/wp\/v2\/comments?post=27913"}],"version-history":[{"count":1,"href":"https:\/\/www.portalalerta.com.br\/index.php\/wp-json\/wp\/v2\/posts\/27913\/revisions"}],"predecessor-version":[{"id":27914,"href":"https:\/\/www.portalalerta.com.br\/index.php\/wp-json\/wp\/v2\/posts\/27913\/revisions\/27914"}],"wp:featuredmedia":[{"embeddable":true,"href":"https:\/\/www.portalalerta.com.br\/index.php\/wp-json\/wp\/v2\/media\/24057"}],"wp:attachment":[{"href":"https:\/\/www.portalalerta.com.br\/index.php\/wp-json\/wp\/v2\/media?parent=27913"}],"wp:term":[{"taxonomy":"category","embeddable":true,"href":"https:\/\/www.portalalerta.com.br\/index.php\/wp-json\/wp\/v2\/categories?post=27913"},{"taxonomy":"post_tag","embeddable":true,"href":"https:\/\/www.portalalerta.com.br\/index.php\/wp-json\/wp\/v2\/tags?post=27913"}],"curies":[{"name":"wp","href":"https:\/\/api.w.org\/{rel}","templated":true}]}}