{"id":27921,"date":"2020-08-01T19:12:07","date_gmt":"2020-08-01T22:12:07","guid":{"rendered":"https:\/\/www.portalalerta.com.br\/?p=27921"},"modified":"2020-08-01T19:12:07","modified_gmt":"2020-08-01T22:12:07","slug":"medico-e-flagrado-conduzindo-veiculo-roubado-em-paulo-afonso-ba","status":"publish","type":"post","link":"https:\/\/www.portalalerta.com.br\/index.php\/2020\/08\/01\/medico-e-flagrado-conduzindo-veiculo-roubado-em-paulo-afonso-ba\/","title":{"rendered":"M\u00e9dico \u00e9 flagrado conduzindo ve\u00edculo roubado, em Paulo Afonso-BA"},"content":{"rendered":"<p style=\"text-align: justify;\">Um autom\u00f3vel roubado foi recuperado pela Pol\u00edcia Rodovi\u00e1ria Federal (PRF), em uma abordagem no KM 01 da BR-110, em Paulo Afonso (BA). O fato aconteceu na tarde de de sexta-feira, 31, e o condutor que \u00e9 um m\u00e9dico de 35 anos de idade foi detido, por suspeita de recepta\u00e7\u00e3o e uso de documento falso.<!--more--><\/p>\n<p style=\"text-align: justify;\">Inicialmente, foi dada ordem de parada ao ve\u00edculo Toyota\/Corola, com 02 ocupantes. Durante a fiscaliza\u00e7\u00e3o, foram solicitados documentos de porte obrigat\u00f3rio e do passageiro.<\/p>\n<p style=\"text-align: justify;\">Ap\u00f3s realizadas consultas ao sistema de seguran\u00e7a, os agentes federais constataram que o documento apresentado pelo condutor apresentava ind\u00edcios de falsifica\u00e7\u00e3o. Constatou-se que o CRLV apreendido continha caracteres impressos divergentes dos documentos que s\u00e3o emitidos pelo \u00f3rg\u00e3o de tr\u00e2nsito.<\/p>\n<p style=\"text-align: justify;\"><img fetchpriority=\"high\" decoding=\"async\" class=\"size-thumbnail wp-image-27904 aligncenter\" src=\"https:\/\/www.portalalerta.com.br\/wp-content\/uploads\/2020\/08\/Real-dia-dos-pais-720x92.jpg\" alt=\"\" width=\"720\" height=\"92\" \/>Os PRFs detectaram tamb\u00e9m que se tratava de um ve\u00edculo com caracter\u00edsticas de identifica\u00e7\u00e3o adulteradas, visto que o Corolla original possu\u00eda registro de roubo datada de janeiro\/2017 em Salvador (BA). As placas do carro foram trocadas de um ve\u00edculo da mesma marca e modelo, para tentar \u2018burlar\u2019 fiscaliza\u00e7\u00f5es da pol\u00edcia.<\/p>\n<p style=\"text-align: justify;\">Diante dos fatos, os ocupantes foram encaminhados juntamente a documenta\u00e7\u00e3o apreendida e o ve\u00edculo \u00e0 Delegacia de Pol\u00edcia Civil de Paulo Afonso (BA), para os procedimentos legais.<\/p>\n<p style=\"text-align: justify;\"><em>Fonte: Ag\u00eancia PRF<\/em><\/p>\n","protected":false},"excerpt":{"rendered":"<p>Um autom\u00f3vel roubado foi recuperado pela Pol\u00edcia Rodovi\u00e1ria Federal (PRF), em uma abordagem no KM 01 da BR-110, em Paulo Afonso (BA). O fato aconteceu na tarde de de sexta-feira, 31, e o condutor que \u00e9 um m\u00e9dico de 35 anos de idade foi detido, por suspeita de recepta\u00e7\u00e3o e uso de documento falso.<\/p>\n","protected":false},"author":2,"featured_media":27922,"comment_status":"open","ping_status":"open","sticky":false,"template":"","format":"standard","meta":{"om_disable_all_campaigns":false,"_monsterinsights_skip_tracking":false,"_monsterinsights_sitenote_active":false,"_monsterinsights_sitenote_note":"","_monsterinsights_sitenote_category":0,"footnotes":""},"categories":[33,70,69,22],"tags":[100,71,48,54,49,75,45,46,129,107,44,132,230,1345,3828,106,203,120,51,118,77,149,109,88,47,200,330,111,190,102,1502],"class_list":["post-27921","post","type-post","status-publish","format-standard","has-post-thumbnail","hentry","category-bahia","category-destaques","category-noticias2","category-seguranca","tag-adustina","tag-antas","tag-araci","tag-bahia","tag-banzae","tag-cicero-dantas","tag-cipo","tag-crisopolis","tag-euclides-da-cunha","tag-fatima","tag-heliopolis","tag-itapicuru","tag-jeremoabo","tag-medico","tag-noticias","tag-nova-soure","tag-novo-triunfo","tag-olindina","tag-paripiranga","tag-paulo-afonso","tag-preso","tag-prf","tag-quijingue","tag-ribeira-do-amparo","tag-ribeira-do-pombal","tag-roubo-de-carro","tag-salvador","tag-sitio-do-quinto","tag-tucano","tag-veiculo-recuperado","tag-veiculo-roubado"],"aioseo_notices":[],"_links":{"self":[{"href":"https:\/\/www.portalalerta.com.br\/index.php\/wp-json\/wp\/v2\/posts\/27921","targetHints":{"allow":["GET"]}}],"collection":[{"href":"https:\/\/www.portalalerta.com.br\/index.php\/wp-json\/wp\/v2\/posts"}],"about":[{"href":"https:\/\/www.portalalerta.com.br\/index.php\/wp-json\/wp\/v2\/types\/post"}],"author":[{"embeddable":true,"href":"https:\/\/www.portalalerta.com.br\/index.php\/wp-json\/wp\/v2\/users\/2"}],"replies":[{"embeddable":true,"href":"https:\/\/www.portalalerta.com.br\/index.php\/wp-json\/wp\/v2\/comments?post=27921"}],"version-history":[{"count":1,"href":"https:\/\/www.portalalerta.com.br\/index.php\/wp-json\/wp\/v2\/posts\/27921\/revisions"}],"predecessor-version":[{"id":27923,"href":"https:\/\/www.portalalerta.com.br\/index.php\/wp-json\/wp\/v2\/posts\/27921\/revisions\/27923"}],"wp:featuredmedia":[{"embeddable":true,"href":"https:\/\/www.portalalerta.com.br\/index.php\/wp-json\/wp\/v2\/media\/27922"}],"wp:attachment":[{"href":"https:\/\/www.portalalerta.com.br\/index.php\/wp-json\/wp\/v2\/media?parent=27921"}],"wp:term":[{"taxonomy":"category","embeddable":true,"href":"https:\/\/www.portalalerta.com.br\/index.php\/wp-json\/wp\/v2\/categories?post=27921"},{"taxonomy":"post_tag","embeddable":true,"href":"https:\/\/www.portalalerta.com.br\/index.php\/wp-json\/wp\/v2\/tags?post=27921"}],"curies":[{"name":"wp","href":"https:\/\/api.w.org\/{rel}","templated":true}]}}