{"id":27963,"date":"2020-08-02T14:53:17","date_gmt":"2020-08-02T17:53:17","guid":{"rendered":"https:\/\/www.portalalerta.com.br\/?p=27963"},"modified":"2020-08-02T22:00:34","modified_gmt":"2020-08-03T01:00:34","slug":"facebook-bloqueia-paginas-de-apoiadores-de-bolsonaro-investigados-por-fake-news","status":"publish","type":"post","link":"https:\/\/www.portalalerta.com.br\/index.php\/2020\/08\/02\/facebook-bloqueia-paginas-de-apoiadores-de-bolsonaro-investigados-por-fake-news\/","title":{"rendered":"Facebook bloqueia p\u00e1ginas de apoiadores de Bolsonaro investigados por fake news"},"content":{"rendered":"<p style=\"text-align: justify;\">O Facebook informou neste s\u00e1bado (1) ter atendido \u00e0 determina\u00e7\u00e3o do ministro Alexandre de Moraes, do STF (Supremo Tribunal Federal), e bloqueou no mundo todo perfis de apoiadores do presidente\u00a0Jair Bolsonaro\u00a0(sem partido) alvos do inqu\u00e9rito das fake news.<!--more--><\/p>\n<p style=\"text-align: justify;\">O magistrado ordenou que a rede social suspendesse contas n\u00e3o apenas no Brasil, mas tamb\u00e9m em outros pa\u00edses. Dos 16 perfis na internet investigados, 12 eram do Facebook.<\/p>\n<p style=\"text-align: justify;\">Em nota, a rede social chamou a ordem judicial de \u201cextrema\u201d e ressaltou que ir\u00e1 recorrer.<\/p>\n<p style=\"text-align: justify;\">Na \u00faltima sexta-feira, Moraes havia ampliado de R$ 20 mil para R$ 100 mil a\u00a0multa di\u00e1ria aplicada ao Facebook\u00a0por descumprimento da determina\u00e7\u00e3o de bloquear perfis de bolsonaristas.<\/p>\n<p style=\"text-align: justify;\"><strong><img fetchpriority=\"high\" decoding=\"async\" class=\"size-thumbnail wp-image-4869 aligncenter\" src=\"https:\/\/www.portalalerta.com.br\/wp-content\/uploads\/2018\/02\/Auto-Escola-Nobre-720x181.jpg\" alt=\"\" width=\"720\" height=\"181\" srcset=\"https:\/\/www.portalalerta.com.br\/wp-content\/uploads\/2018\/02\/Auto-Escola-Nobre.jpg 720w, https:\/\/www.portalalerta.com.br\/wp-content\/uploads\/2018\/02\/Auto-Escola-Nobre-260x65.jpg 260w, https:\/\/www.portalalerta.com.br\/wp-content\/uploads\/2018\/02\/Auto-Escola-Nobre-50x13.jpg 50w, https:\/\/www.portalalerta.com.br\/wp-content\/uploads\/2018\/02\/Auto-Escola-Nobre-150x38.jpg 150w\" sizes=\"(max-width: 720px) 100vw, 720px\" \/>Veja a \u00edntegra da nota do Facebook:<\/strong><\/p>\n<p style=\"text-align: justify;\"><em>O Facebook havia cumprido com a ordem de bloquear as contas no Brasil ao restringir a visualiza\u00e7\u00e3o das P\u00e1ginas e Perfis a partir de endere\u00e7os IP no pa\u00eds. Isso significa que pessoas com endere\u00e7o IP no Brasil n\u00e3o conseguiam ver os conte\u00fados mesmo que os alvos da ordem judicial tivessem alterado sua localiza\u00e7\u00e3o IP. A mais recente ordem judicial \u00e9 extrema, representando riscos \u00e0 liberdade de express\u00e3o fora da jurisdi\u00e7\u00e3o brasileira e em conflito com leis e jurisdi\u00e7\u00f5es ao redor do mundo. Devido \u00e0 amea\u00e7a de responsabiliza\u00e7\u00e3o criminal de um funcion\u00e1rio do Facebook Brasil, n\u00e3o tivemos alternativa a n\u00e3o ser cumprir com a ordem de bloqueio global das contas enquanto recorremos ao STF.<\/em><\/p>\n<p style=\"text-align: justify;\">Fonte: Yahoo Not\u00edcias<\/p>\n","protected":false},"excerpt":{"rendered":"<p>O Facebook informou neste s\u00e1bado (1) ter atendido \u00e0 determina\u00e7\u00e3o do ministro Alexandre de Moraes, do STF (Supremo Tribunal Federal), e bloqueou no mundo todo perfis de apoiadores do presidente\u00a0Jair Bolsonaro\u00a0(sem partido) alvos do inqu\u00e9rito das fake news.<\/p>\n","protected":false},"author":2,"featured_media":16331,"comment_status":"open","ping_status":"open","sticky":false,"template":"","format":"standard","meta":{"om_disable_all_campaigns":false,"_monsterinsights_skip_tracking":false,"_monsterinsights_sitenote_active":false,"_monsterinsights_sitenote_note":"","_monsterinsights_sitenote_category":0,"footnotes":""},"categories":[34,70,69,21],"tags":[100,71,48,49,309,93,75,45,46,129,1850,107,44,132,1395,230,339,3828,106,203,120,51,109,88,47,111,216,190],"class_list":["post-27963","post","type-post","status-publish","format-standard","has-post-thumbnail","hentry","category-brasil","category-destaques","category-noticias2","category-politica","tag-adustina","tag-antas","tag-araci","tag-banzae","tag-bloqueio","tag-brasil","tag-cicero-dantas","tag-cipo","tag-crisopolis","tag-euclides-da-cunha","tag-facebook","tag-fatima","tag-heliopolis","tag-itapicuru","tag-jair-bolsonaro","tag-jeremoabo","tag-mundo","tag-noticias","tag-nova-soure","tag-novo-triunfo","tag-olindina","tag-paripiranga","tag-quijingue","tag-ribeira-do-amparo","tag-ribeira-do-pombal","tag-sitio-do-quinto","tag-stf","tag-tucano"],"aioseo_notices":[],"_links":{"self":[{"href":"https:\/\/www.portalalerta.com.br\/index.php\/wp-json\/wp\/v2\/posts\/27963","targetHints":{"allow":["GET"]}}],"collection":[{"href":"https:\/\/www.portalalerta.com.br\/index.php\/wp-json\/wp\/v2\/posts"}],"about":[{"href":"https:\/\/www.portalalerta.com.br\/index.php\/wp-json\/wp\/v2\/types\/post"}],"author":[{"embeddable":true,"href":"https:\/\/www.portalalerta.com.br\/index.php\/wp-json\/wp\/v2\/users\/2"}],"replies":[{"embeddable":true,"href":"https:\/\/www.portalalerta.com.br\/index.php\/wp-json\/wp\/v2\/comments?post=27963"}],"version-history":[{"count":1,"href":"https:\/\/www.portalalerta.com.br\/index.php\/wp-json\/wp\/v2\/posts\/27963\/revisions"}],"predecessor-version":[{"id":27964,"href":"https:\/\/www.portalalerta.com.br\/index.php\/wp-json\/wp\/v2\/posts\/27963\/revisions\/27964"}],"wp:featuredmedia":[{"embeddable":true,"href":"https:\/\/www.portalalerta.com.br\/index.php\/wp-json\/wp\/v2\/media\/16331"}],"wp:attachment":[{"href":"https:\/\/www.portalalerta.com.br\/index.php\/wp-json\/wp\/v2\/media?parent=27963"}],"wp:term":[{"taxonomy":"category","embeddable":true,"href":"https:\/\/www.portalalerta.com.br\/index.php\/wp-json\/wp\/v2\/categories?post=27963"},{"taxonomy":"post_tag","embeddable":true,"href":"https:\/\/www.portalalerta.com.br\/index.php\/wp-json\/wp\/v2\/tags?post=27963"}],"curies":[{"name":"wp","href":"https:\/\/api.w.org\/{rel}","templated":true}]}}