{"id":27965,"date":"2020-08-02T15:01:18","date_gmt":"2020-08-02T18:01:18","guid":{"rendered":"https:\/\/www.portalalerta.com.br\/?p=27965"},"modified":"2020-08-02T21:59:49","modified_gmt":"2020-08-03T00:59:49","slug":"1numero-de-novos-casos-de-coronavirus-despencam-em-araci-ba-e-taxa-de-cura-chega-a-78","status":"publish","type":"post","link":"https:\/\/www.portalalerta.com.br\/index.php\/2020\/08\/02\/1numero-de-novos-casos-de-coronavirus-despencam-em-araci-ba-e-taxa-de-cura-chega-a-78\/","title":{"rendered":"N\u00famero de novos casos de Coronav\u00edrus despenca em Araci-BA e taxa de cura chega a 78%!"},"content":{"rendered":"<p style=\"text-align: justify;\">Desde o in\u00edcio da pandemia no munic\u00edpio (08\/04), at\u00e9 o \u00faltimo s\u00e1bado, 1\u00ba, Araci-BA tinha registrado 634 casos de Covid-19 (Coronav\u00edrus), por\u00e9m somente na \u00faltima semana apresentou uma queda de 60% no n\u00famero de novas infec\u00e7\u00f5es (44 casos).<!--more--><\/p>\n<p style=\"text-align: justify;\"><img fetchpriority=\"high\" decoding=\"async\" class=\"size-thumbnail wp-image-27904 aligncenter\" src=\"https:\/\/www.portalalerta.com.br\/wp-content\/uploads\/2020\/08\/Real-dia-dos-pais-720x92.jpg\" alt=\"\" width=\"720\" height=\"92\" \/>Por pouco mais de um m\u00eas, a cidade passou a divulgar mais de 80 diagn\u00f3sticos de Covid-19 semanalmente, sempre sofrendo aumentos nos per\u00edodos seguintes, at\u00e9 o mais cr\u00edtico, a 16\u00aa semana, com 111 novos casos. Ao longo deste tempo 10 pacientes n\u00e3o resistiram e evolu\u00edram a \u00f3bito.<\/p>\n<p style=\"text-align: justify;\">Desta forma, Araci-BA j\u00e1 soma 634 casos, sendo 128 ativos (20%), 496 curados (78%), e 10 mortes (2%).<\/p>\n<p style=\"text-align: justify;\"><a href=\"https:\/\/www.portalalerta.com.br\/index.php\/2020\/05\/26\/saiba-como-esta-a-evolucao-do-covid-19-em-araci-ba\/\"><strong style=\"font-style: inherit;\">Clique aqui e saiba como est\u00e1 a evolu\u00e7\u00e3o do Covid-19 em Araci-BA<\/strong><\/a><\/p>\n<p style=\"text-align: justify;\"><em style=\"font-weight: inherit;\">Reda\u00e7\u00e3o: Portal Alerta<\/em><\/p>\n<p style=\"text-align: justify;\"><strong style=\"font-style: inherit;\"><em>#fiqueemcasa<\/em><\/strong><\/p>\n<p style=\"text-align: justify;\"><strong style=\"font-style: inherit;\"><em>#usemascaras<\/em><\/strong><\/p>\n","protected":false},"excerpt":{"rendered":"<p>Desde o in\u00edcio da pandemia no munic\u00edpio (08\/04), at\u00e9 o \u00faltimo s\u00e1bado, 1\u00ba, Araci-BA tinha registrado 634 casos de Covid-19 (Coronav\u00edrus), por\u00e9m somente na \u00faltima semana apresentou uma queda de 60% no n\u00famero de novas infec\u00e7\u00f5es (44 casos).<\/p>\n","protected":false},"author":2,"featured_media":23464,"comment_status":"open","ping_status":"open","sticky":false,"template":"","format":"standard","meta":{"om_disable_all_campaigns":false,"_monsterinsights_skip_tracking":false,"_monsterinsights_sitenote_active":false,"_monsterinsights_sitenote_note":"","_monsterinsights_sitenote_category":0,"footnotes":""},"categories":[41,70,69,32,19],"tags":[100,71,48,49,75,45,3429,3486,46,3771,129,107,44,3724,132,230,439,3828,106,203,120,51,109,88,47,61,111,190],"class_list":["post-27965","post","type-post","status-publish","format-standard","has-post-thumbnail","hentry","category-araci","category-destaques","category-noticias2","category-regiao","category-saude","tag-adustina","tag-antas","tag-araci","tag-banzae","tag-cicero-dantas","tag-cipo","tag-coronavirus","tag-covid-19","tag-crisopolis","tag-curas","tag-euclides-da-cunha","tag-fatima","tag-heliopolis","tag-infeccao","tag-itapicuru","tag-jeremoabo","tag-mortes","tag-noticias","tag-nova-soure","tag-novo-triunfo","tag-olindina","tag-paripiranga","tag-quijingue","tag-ribeira-do-amparo","tag-ribeira-do-pombal","tag-saude","tag-sitio-do-quinto","tag-tucano"],"aioseo_notices":[],"_links":{"self":[{"href":"https:\/\/www.portalalerta.com.br\/index.php\/wp-json\/wp\/v2\/posts\/27965","targetHints":{"allow":["GET"]}}],"collection":[{"href":"https:\/\/www.portalalerta.com.br\/index.php\/wp-json\/wp\/v2\/posts"}],"about":[{"href":"https:\/\/www.portalalerta.com.br\/index.php\/wp-json\/wp\/v2\/types\/post"}],"author":[{"embeddable":true,"href":"https:\/\/www.portalalerta.com.br\/index.php\/wp-json\/wp\/v2\/users\/2"}],"replies":[{"embeddable":true,"href":"https:\/\/www.portalalerta.com.br\/index.php\/wp-json\/wp\/v2\/comments?post=27965"}],"version-history":[{"count":6,"href":"https:\/\/www.portalalerta.com.br\/index.php\/wp-json\/wp\/v2\/posts\/27965\/revisions"}],"predecessor-version":[{"id":27971,"href":"https:\/\/www.portalalerta.com.br\/index.php\/wp-json\/wp\/v2\/posts\/27965\/revisions\/27971"}],"wp:featuredmedia":[{"embeddable":true,"href":"https:\/\/www.portalalerta.com.br\/index.php\/wp-json\/wp\/v2\/media\/23464"}],"wp:attachment":[{"href":"https:\/\/www.portalalerta.com.br\/index.php\/wp-json\/wp\/v2\/media?parent=27965"}],"wp:term":[{"taxonomy":"category","embeddable":true,"href":"https:\/\/www.portalalerta.com.br\/index.php\/wp-json\/wp\/v2\/categories?post=27965"},{"taxonomy":"post_tag","embeddable":true,"href":"https:\/\/www.portalalerta.com.br\/index.php\/wp-json\/wp\/v2\/tags?post=27965"}],"curies":[{"name":"wp","href":"https:\/\/api.w.org\/{rel}","templated":true}]}}