{"id":28001,"date":"2020-08-02T21:33:38","date_gmt":"2020-08-03T00:33:38","guid":{"rendered":"https:\/\/www.portalalerta.com.br\/?p=28001"},"modified":"2020-08-02T21:57:26","modified_gmt":"2020-08-03T00:57:26","slug":"executivo-do-hsbc-e-escolhido-para-presidencia-do-banco-do-brasil","status":"publish","type":"post","link":"https:\/\/www.portalalerta.com.br\/index.php\/2020\/08\/02\/executivo-do-hsbc-e-escolhido-para-presidencia-do-banco-do-brasil\/","title":{"rendered":"Executivo do HSBC \u00e9 escolhido para presid\u00eancia do Banco do Brasil"},"content":{"rendered":"<p style=\"text-align: justify;\">Presidente do HSBC h\u00e1 12 anos, o executivo Andr\u00e9 Brand\u00e3o foi o escolhido do governo para presidir o Banco do Brasil, no lugar de Rubem Novaes.\u00a0<!--more--><\/p>\n<p style=\"text-align: justify;\"><img fetchpriority=\"high\" decoding=\"async\" class=\"size-thumbnail wp-image-4869 aligncenter\" src=\"https:\/\/www.portalalerta.com.br\/wp-content\/uploads\/2018\/02\/Auto-Escola-Nobre-720x181.jpg\" alt=\"\" width=\"720\" height=\"181\" srcset=\"https:\/\/www.portalalerta.com.br\/wp-content\/uploads\/2018\/02\/Auto-Escola-Nobre.jpg 720w, https:\/\/www.portalalerta.com.br\/wp-content\/uploads\/2018\/02\/Auto-Escola-Nobre-260x65.jpg 260w, https:\/\/www.portalalerta.com.br\/wp-content\/uploads\/2018\/02\/Auto-Escola-Nobre-50x13.jpg 50w, https:\/\/www.portalalerta.com.br\/wp-content\/uploads\/2018\/02\/Auto-Escola-Nobre-150x38.jpg 150w\" sizes=\"(max-width: 720px) 100vw, 720px\" \/>O nome foi comunicado informalmente a dirigentes da institui\u00e7\u00e3o pelo Pal\u00e1cio do Planalto. Brand\u00e3o s\u00f3 deve assumir oficialmente, no entanto, na pr\u00f3xima semana.<\/p>\n<p style=\"text-align: justify;\">O comando do BB ficou vago ap\u00f3s Novaes renunciar do cargo, no \u00faltimo dia 24 de julho. O motivo n\u00e3o foi divulgado, mas, na reuni\u00e3o ministerial de 22 de abril, o chefe da Economia, Paulo Guedes, fez cr\u00edticas a sua atua\u00e7\u00e3o. Ele disse que o governo &#8220;faz o que quer&#8221; com a Caixa Econ\u00f4mica Federal e o BNDES, mas no BB &#8220;n\u00e3o consegue fazer nada&#8221;, mesmo tendo um &#8220;liberal l\u00e1&#8221;, em refer\u00eancia a Novaes, que estava no encontro. &#8220;Tem que vender essa porra logo&#8221;, disse Guedes.<\/p>\n<p style=\"text-align: justify;\"><em>Fonte: Metro1<\/em><\/p>\n","protected":false},"excerpt":{"rendered":"<p>Presidente do HSBC h\u00e1 12 anos, o executivo Andr\u00e9 Brand\u00e3o foi o escolhido do governo para presidir o Banco do Brasil, no lugar de Rubem Novaes.\u00a0<\/p>\n","protected":false},"author":2,"featured_media":28002,"comment_status":"open","ping_status":"open","sticky":false,"template":"","format":"standard","meta":{"om_disable_all_campaigns":false,"_monsterinsights_skip_tracking":false,"_monsterinsights_sitenote_active":false,"_monsterinsights_sitenote_note":"","_monsterinsights_sitenote_category":0,"footnotes":""},"categories":[34,70,69,21],"tags":[100,3830,71,48,632,49,93,75,45,46,129,107,44,132,230,3828,106,203,120,51,94,109,88,47,111,190],"class_list":["post-28001","post","type-post","status-publish","format-standard","has-post-thumbnail","hentry","category-brasil","category-destaques","category-noticias2","category-politica","tag-adustina","tag-andre-brandao","tag-antas","tag-araci","tag-banco-do-brasil","tag-banzae","tag-brasil","tag-cicero-dantas","tag-cipo","tag-crisopolis","tag-euclides-da-cunha","tag-fatima","tag-heliopolis","tag-itapicuru","tag-jeremoabo","tag-noticias","tag-nova-soure","tag-novo-triunfo","tag-olindina","tag-paripiranga","tag-presidente","tag-quijingue","tag-ribeira-do-amparo","tag-ribeira-do-pombal","tag-sitio-do-quinto","tag-tucano"],"aioseo_notices":[],"_links":{"self":[{"href":"https:\/\/www.portalalerta.com.br\/index.php\/wp-json\/wp\/v2\/posts\/28001","targetHints":{"allow":["GET"]}}],"collection":[{"href":"https:\/\/www.portalalerta.com.br\/index.php\/wp-json\/wp\/v2\/posts"}],"about":[{"href":"https:\/\/www.portalalerta.com.br\/index.php\/wp-json\/wp\/v2\/types\/post"}],"author":[{"embeddable":true,"href":"https:\/\/www.portalalerta.com.br\/index.php\/wp-json\/wp\/v2\/users\/2"}],"replies":[{"embeddable":true,"href":"https:\/\/www.portalalerta.com.br\/index.php\/wp-json\/wp\/v2\/comments?post=28001"}],"version-history":[{"count":1,"href":"https:\/\/www.portalalerta.com.br\/index.php\/wp-json\/wp\/v2\/posts\/28001\/revisions"}],"predecessor-version":[{"id":28003,"href":"https:\/\/www.portalalerta.com.br\/index.php\/wp-json\/wp\/v2\/posts\/28001\/revisions\/28003"}],"wp:featuredmedia":[{"embeddable":true,"href":"https:\/\/www.portalalerta.com.br\/index.php\/wp-json\/wp\/v2\/media\/28002"}],"wp:attachment":[{"href":"https:\/\/www.portalalerta.com.br\/index.php\/wp-json\/wp\/v2\/media?parent=28001"}],"wp:term":[{"taxonomy":"category","embeddable":true,"href":"https:\/\/www.portalalerta.com.br\/index.php\/wp-json\/wp\/v2\/categories?post=28001"},{"taxonomy":"post_tag","embeddable":true,"href":"https:\/\/www.portalalerta.com.br\/index.php\/wp-json\/wp\/v2\/tags?post=28001"}],"curies":[{"name":"wp","href":"https:\/\/api.w.org\/{rel}","templated":true}]}}