{"id":28004,"date":"2020-08-02T21:46:09","date_gmt":"2020-08-03T00:46:09","guid":{"rendered":"https:\/\/www.portalalerta.com.br\/?p=28004"},"modified":"2020-08-02T21:51:44","modified_gmt":"2020-08-03T00:51:44","slug":"1mais-de-3-000-pessoas-estao-infectadas-com-a-covid-19-na-regiao-taxa-de-cura-e-de-70","status":"publish","type":"post","link":"https:\/\/www.portalalerta.com.br\/index.php\/2020\/08\/02\/1mais-de-3-000-pessoas-estao-infectadas-com-a-covid-19-na-regiao-taxa-de-cura-e-de-70\/","title":{"rendered":"Mais de 3.000 pessoas foram infectadas com a Covid-19 na regi\u00e3o. Taxa de cura \u00e9 de 70%!"},"content":{"rendered":"<p style=\"text-align: justify;\">Os n\u00fameros relacionados \u00e0 Covid-19 (Coronav\u00edrus), continuam crescendo nos 21 munic\u00edpios da regi\u00e3o, analisados pelo PORTAL ALERTA.<!--more--><\/p>\n<p style=\"text-align: justify;\">Somente na \u00faltima semana, foram registrados 619 novos casos, 3% a mais que no per\u00edodo anterior. Com isso o n\u00famero de ativos subiu para 930, um acr\u00e9scimo de 1% em rela\u00e7\u00e3o \u00e0 semana passada. J\u00e1 o n\u00famero de curados, tamb\u00e9m cresceu, com 598 curados, 27% a mais que na semana passada. Com rela\u00e7\u00e3o ao n\u00famero de mortos, foram registrados 05 casos, tr\u00eas a menos que na semana passada, o equivalente a menos 37%.<\/p>\n<p style=\"text-align: justify;\">Ao todo, foram registrados at\u00e9 o \u00faltimo s\u00e1bado, 1\u00ba, 3.218 casos, sendo 930 ativos (29%), 2.242 curados (70%), e 46 \u00f3bitos (1%).<\/p>\n<p style=\"text-align: justify;\"><strong>N\u00fameros Gerais<\/strong><\/p>\n<p style=\"text-align: justify;\">O munic\u00edpio de Araci segue com o maior n\u00famero de casos, 634 no total, seguido por: Itapicuru (402), Ribeira do Pombal (383), e Nova Soure (246). J\u00e1 no que se refere a casos ativos, Itapicuru passou a liderar com 229 casos, seguida por: Araci (128), Jeremoabo (84), e Tucano (69). Com rela\u00e7\u00e3o \u00e0s curas Araci lidera em n\u00fameros gerais, com 496 curados, seguida por Ribeira do Pombal (334), Nova Soure (193), e Itapicuru (172). J\u00e1 em n\u00fameros proporcionais, Cip\u00f3 e Quijingue lideram com uma taxa de 93%, seguidas por: Adustina (89%) e Ribeira do Pombal (87%). Araci tamb\u00e9m tem o maior n\u00famero de \u00f3bitos, 10 no total, seguida por: Ribeira do Pombal (07), Euclides da Cunha (05), e Cris\u00f3polis (04).<\/p>\n<p style=\"text-align: justify;\"><img fetchpriority=\"high\" decoding=\"async\" class=\"size-thumbnail wp-image-27904 aligncenter\" src=\"https:\/\/www.portalalerta.com.br\/wp-content\/uploads\/2020\/08\/Real-dia-dos-pais-720x92.jpg\" alt=\"\" width=\"720\" height=\"92\" \/>Por outro lado, os munic\u00edpios com menos registros s\u00e3o: Quijingue (29), Heli\u00f3polis (30), F\u00e1tima (57), Ribeira do Amparo (61), e Adustina (65). J\u00e1 com rela\u00e7\u00e3o aos casos ativos, os munic\u00edpios com menores n\u00fameros s\u00e3o: Quijingue (01), Adustina (05), Cipo (07), Banza\u00ea (12), e Heli\u00f3polis (13). Jeremoabo se encontra com o menor \u00edndice de cura (39%), seguida por: Itapicuru (43%), Novo Triunfo (50%), e Ribeira do Amparo (52%). Antas, Banza\u00ea, Cip\u00f3, Heli\u00f3polis e Novo Triunfo, s\u00e3o os \u00fanicos munic\u00edpios que ainda n\u00e3o registraram \u00f3bitos por conta da Covid-19.<\/p>\n<p style=\"text-align: justify;\"><strong>N\u00fameros da semana<\/strong><\/p>\n<p style=\"text-align: justify;\">Na \u00faltima semana Itapicuru foi a cidade com maior registro de novos casos, 179 no total, seguida por: Tucano (63), C\u00edcero Dantas (56), Jeremoabo (53), e Ribeira do Pombal (51). Araci registrou o maior n\u00famero de curas (92), seguida por: Cris\u00f3polis (86), Itapicuru (80), e Ribeira do Pombal (66). Adustina, F\u00e1tima, Jeremoabo, Paripiranga e Ribeira do Pombal, foram os \u00fanicos munic\u00edpios a registrarem \u00f3bitos na \u00faltima semana, com 01 caso\/ cada.<\/p>\n<p style=\"text-align: justify;\"><strong>Confira os gr\u00e1ficos:<\/strong><\/p>\n<figure id=\"attachment_28005\" aria-describedby=\"caption-attachment-28005\" style=\"width: 540px\" class=\"wp-caption aligncenter\"><img decoding=\"async\" class=\"wp-image-28005 size-full\" src=\"https:\/\/www.portalalerta.com.br\/wp-content\/uploads\/2020\/08\/gr\u00e1fico-Coronav\u00edrus-na-regi\u00e3o-2020.20.jpg\" alt=\"\" width=\"540\" height=\"430\" srcset=\"https:\/\/www.portalalerta.com.br\/wp-content\/uploads\/2020\/08\/gr\u00e1fico-Coronav\u00edrus-na-regi\u00e3o-2020.20.jpg 540w, https:\/\/www.portalalerta.com.br\/wp-content\/uploads\/2020\/08\/gr\u00e1fico-Coronav\u00edrus-na-regi\u00e3o-2020.20-301x240.jpg 301w, https:\/\/www.portalalerta.com.br\/wp-content\/uploads\/2020\/08\/gr\u00e1fico-Coronav\u00edrus-na-regi\u00e3o-2020.20-183x146.jpg 183w, https:\/\/www.portalalerta.com.br\/wp-content\/uploads\/2020\/08\/gr\u00e1fico-Coronav\u00edrus-na-regi\u00e3o-2020.20-50x40.jpg 50w, https:\/\/www.portalalerta.com.br\/wp-content\/uploads\/2020\/08\/gr\u00e1fico-Coronav\u00edrus-na-regi\u00e3o-2020.20-94x75.jpg 94w\" sizes=\"(max-width: 540px) 100vw, 540px\" \/><figcaption id=\"caption-attachment-28005\" class=\"wp-caption-text\">At\u00e9 o momento foram registrados 3.218 casos<\/figcaption><\/figure>\n<p>&nbsp;<\/p>\n<figure id=\"attachment_28006\" aria-describedby=\"caption-attachment-28006\" style=\"width: 540px\" class=\"wp-caption aligncenter\"><img decoding=\"async\" class=\"wp-image-28006 size-full\" src=\"https:\/\/www.portalalerta.com.br\/wp-content\/uploads\/2020\/08\/gr\u00e1fico-Coronav\u00edrus-na-regi\u00e3o-2020.21.jpg\" alt=\"\" width=\"540\" height=\"430\" srcset=\"https:\/\/www.portalalerta.com.br\/wp-content\/uploads\/2020\/08\/gr\u00e1fico-Coronav\u00edrus-na-regi\u00e3o-2020.21.jpg 540w, https:\/\/www.portalalerta.com.br\/wp-content\/uploads\/2020\/08\/gr\u00e1fico-Coronav\u00edrus-na-regi\u00e3o-2020.21-301x240.jpg 301w, https:\/\/www.portalalerta.com.br\/wp-content\/uploads\/2020\/08\/gr\u00e1fico-Coronav\u00edrus-na-regi\u00e3o-2020.21-183x146.jpg 183w, https:\/\/www.portalalerta.com.br\/wp-content\/uploads\/2020\/08\/gr\u00e1fico-Coronav\u00edrus-na-regi\u00e3o-2020.21-50x40.jpg 50w, https:\/\/www.portalalerta.com.br\/wp-content\/uploads\/2020\/08\/gr\u00e1fico-Coronav\u00edrus-na-regi\u00e3o-2020.21-94x75.jpg 94w\" sizes=\"(max-width: 540px) 100vw, 540px\" \/><figcaption id=\"caption-attachment-28006\" class=\"wp-caption-text\">2.242 pessoas j\u00e1 foram curadas, e 46 evolu\u00edram a \u00f3bito<\/figcaption><\/figure>\n<p>&nbsp;<\/p>\n<p style=\"text-align: justify;\"><strong>Confira a evolu\u00e7\u00e3o da Covid-19 em sua cidade:<\/strong><\/p>\n<p style=\"text-align: justify;\"><a href=\"https:\/\/www.portalalerta.com.br\/index.php\/2020\/05\/25\/saiba-como-esta-a-evolucao-do-covid-19-em-adustina-ba\/\"><strong>Adustina<\/strong><\/a><\/p>\n<p style=\"text-align: justify;\"><a href=\"https:\/\/www.portalalerta.com.br\/index.php\/2020\/05\/31\/saiba-como-esta-a-evolucao-do-covid-19-em-antas-ba\/\"><strong>Antas<\/strong><\/a><\/p>\n<p style=\"text-align: justify;\"><a href=\"https:\/\/www.portalalerta.com.br\/index.php\/2020\/05\/26\/saiba-como-esta-a-evolucao-do-covid-19-em-araci-ba\/\"><strong>Araci<\/strong><\/a><\/p>\n<p style=\"text-align: justify;\"><a href=\"https:\/\/www.portalalerta.com.br\/index.php\/2020\/05\/27\/saiba-como-esta-a-evolucao-do-covid-19-em-banzae-ba\/\"><strong>Banza\u00ea<\/strong><\/a><\/p>\n<p style=\"text-align: justify;\"><a href=\"https:\/\/www.portalalerta.com.br\/index.php\/2020\/05\/25\/saiba-como-esta-a-evolucao-do-covid-19-em-cicero-dantas-ba\/\"><strong>C\u00edcero Dantas<\/strong><\/a><\/p>\n<p style=\"text-align: justify;\"><a href=\"https:\/\/www.portalalerta.com.br\/index.php\/2020\/05\/29\/saiba-como-esta-a-evolucao-do-covid-19-em-cipo-ba\/\"><strong>Cip\u00f3<\/strong><\/a><\/p>\n<p style=\"text-align: justify;\"><a href=\"https:\/\/www.portalalerta.com.br\/index.php\/2020\/05\/27\/saiba-como-esta-a-evolucao-do-covid-19-em-crisopolis-ba\/\"><strong>Cris\u00f3polis<\/strong><\/a><\/p>\n<p style=\"text-align: justify;\"><a href=\"https:\/\/www.portalalerta.com.br\/index.php\/2020\/05\/27\/saiba-como-esta-a-evolucao-do-covid-19-em-euclides-da-cunha-ba\/\"><strong>Euclides da Cunha<\/strong><\/a><\/p>\n<p style=\"text-align: justify;\"><a href=\"https:\/\/www.portalalerta.com.br\/index.php\/2020\/05\/31\/saiba-como-esta-a-evolucao-do-covid-19-em-fatima-ba\/\"><strong>F\u00e1tima<\/strong><\/a><\/p>\n<p style=\"text-align: justify;\"><a href=\"https:\/\/www.portalalerta.com.br\/index.php\/2020\/06\/22\/saiba-como-esta-a-evolucao-do-covid-19-em-heliopolis-ba\/\"><strong>Heli\u00f3polis<\/strong><\/a><\/p>\n<p style=\"text-align: justify;\"><a href=\"https:\/\/www.portalalerta.com.br\/index.php\/2020\/05\/25\/saiba-como-esta-a-evolucao-do-covid-19-em-itapicuru-ba\/\"><strong>Itapicuru<\/strong><\/a><\/p>\n<p style=\"text-align: justify;\"><a href=\"https:\/\/www.portalalerta.com.br\/index.php\/2020\/05\/30\/saiba-como-esta-a-evolucao-do-covid-19-em-jeremoabo-ba\/\"><strong>Jeremoabo<\/strong><\/a><\/p>\n<p style=\"text-align: justify;\"><a href=\"https:\/\/www.portalalerta.com.br\/index.php\/2020\/05\/30\/saiba-como-esta-a-evolucao-do-covid-19-em-nova-soure-ba\/\"><strong>Nova Soure<\/strong><\/a><\/p>\n<p style=\"text-align: justify;\"><a href=\"https:\/\/www.portalalerta.com.br\/index.php\/2020\/05\/30\/saiba-como-esta-a-evolucao-do-covid-19-em-novo-triunfo-ba\/\"><strong>Novo Triunfo<\/strong><\/a><\/p>\n<p style=\"text-align: justify;\"><a href=\"https:\/\/www.portalalerta.com.br\/index.php\/2020\/05\/30\/saiba-como-esta-a-evolucao-do-covid-19-em-olindina-ba\/\"><strong>Olindina<\/strong><\/a><\/p>\n<p style=\"text-align: justify;\"><a href=\"https:\/\/www.portalalerta.com.br\/index.php\/2020\/05\/26\/saiba-como-esta-a-evolucao-do-covid-19-em-paripiranga-ba\/\"><strong>Paripiranga<\/strong><\/a><\/p>\n<p style=\"text-align: justify;\"><a href=\"https:\/\/www.portalalerta.com.br\/index.php\/2020\/06\/15\/saiba-como-esta-a-evolucao-do-covid-19-em-quijingue-ba\/\"><strong>Quijingue\u00a0<\/strong><\/a><\/p>\n<p style=\"text-align: justify;\"><a href=\"https:\/\/www.portalalerta.com.br\/index.php\/2020\/05\/29\/saiba-como-esta-a-evolucao-do-covid-19-em-ribeira-do-amparo-ba\/\"><strong>Ribeira do Amparo<\/strong><\/a><\/p>\n<p style=\"text-align: justify;\"><a href=\"https:\/\/www.portalalerta.com.br\/index.php\/2020\/05\/26\/saiba-como-esta-a-evolucao-do-covid-19-em-ribeira-do-pombal-ba\/\"><strong>Ribeira do Pombal<\/strong><\/a><\/p>\n<p style=\"text-align: justify;\"><a href=\"https:\/\/www.portalalerta.com.br\/index.php\/2020\/06\/08\/saiba-como-esta-a-evolucao-do-covid-19-em-sitio-do-quinto-ba\/\"><strong>S\u00edtio do Quinto\u00a0<\/strong><\/a><\/p>\n<p style=\"text-align: justify;\"><a href=\"https:\/\/www.portalalerta.com.br\/index.php\/2020\/05\/27\/saiba-como-esta-a-evolucao-do-covid-19-em-tucano-ba\/\"><strong>Tucano<\/strong><\/a><\/p>\n<p style=\"text-align: justify;\"><em>Reda\u00e7\u00e3o: Portal Alerta<\/em><\/p>\n<p style=\"text-align: justify;\"><strong><em>#fiqueemcasa<\/em><\/strong><\/p>\n<p style=\"text-align: justify;\"><strong><em>#usemascaras<\/em><\/strong><\/p>\n","protected":false},"excerpt":{"rendered":"<p>Os n\u00fameros relacionados \u00e0 Covid-19 (Coronav\u00edrus), continuam crescendo nos 21 munic\u00edpios da regi\u00e3o, analisados pelo PORTAL ALERTA.<\/p>\n","protected":false},"author":2,"featured_media":22980,"comment_status":"open","ping_status":"open","sticky":false,"template":"","format":"standard","meta":{"om_disable_all_campaigns":false,"_monsterinsights_skip_tracking":false,"_monsterinsights_sitenote_active":false,"_monsterinsights_sitenote_note":"","_monsterinsights_sitenote_category":0,"footnotes":""},"categories":[40,5,41,39,4,13,42,70,17,10,6,18,9,69,14,8,15,11,43,32,16,3,19,7,12],"tags":[100,71,48,49,75,45,3429,3486,46,129,107,44,132,230,3828,106,203,120,51,109,88,47,61,111,190],"class_list":["post-28004","post","type-post","status-publish","format-standard","has-post-thumbnail","hentry","category-adustina","category-antas","category-araci","category-banzae","category-cicero-dantas","category-cipo","category-crisopolis","category-destaques","category-euclides-da-cunha","category-fatima","category-heliopolis","category-itapicuru","category-jeremoabo","category-noticias2","category-nova-soure","category-novo-triunfo","category-olindina","category-paripiranga","category-quijingue","category-regiao","category-ribeira-do-amparo","category-ribeira-do-pombal","category-saude","category-sitio-do-quinto","category-tucano","tag-adustina","tag-antas","tag-araci","tag-banzae","tag-cicero-dantas","tag-cipo","tag-coronavirus","tag-covid-19","tag-crisopolis","tag-euclides-da-cunha","tag-fatima","tag-heliopolis","tag-itapicuru","tag-jeremoabo","tag-noticias","tag-nova-soure","tag-novo-triunfo","tag-olindina","tag-paripiranga","tag-quijingue","tag-ribeira-do-amparo","tag-ribeira-do-pombal","tag-saude","tag-sitio-do-quinto","tag-tucano"],"aioseo_notices":[],"_links":{"self":[{"href":"https:\/\/www.portalalerta.com.br\/index.php\/wp-json\/wp\/v2\/posts\/28004","targetHints":{"allow":["GET"]}}],"collection":[{"href":"https:\/\/www.portalalerta.com.br\/index.php\/wp-json\/wp\/v2\/posts"}],"about":[{"href":"https:\/\/www.portalalerta.com.br\/index.php\/wp-json\/wp\/v2\/types\/post"}],"author":[{"embeddable":true,"href":"https:\/\/www.portalalerta.com.br\/index.php\/wp-json\/wp\/v2\/users\/2"}],"replies":[{"embeddable":true,"href":"https:\/\/www.portalalerta.com.br\/index.php\/wp-json\/wp\/v2\/comments?post=28004"}],"version-history":[{"count":3,"href":"https:\/\/www.portalalerta.com.br\/index.php\/wp-json\/wp\/v2\/posts\/28004\/revisions"}],"predecessor-version":[{"id":28009,"href":"https:\/\/www.portalalerta.com.br\/index.php\/wp-json\/wp\/v2\/posts\/28004\/revisions\/28009"}],"wp:featuredmedia":[{"embeddable":true,"href":"https:\/\/www.portalalerta.com.br\/index.php\/wp-json\/wp\/v2\/media\/22980"}],"wp:attachment":[{"href":"https:\/\/www.portalalerta.com.br\/index.php\/wp-json\/wp\/v2\/media?parent=28004"}],"wp:term":[{"taxonomy":"category","embeddable":true,"href":"https:\/\/www.portalalerta.com.br\/index.php\/wp-json\/wp\/v2\/categories?post=28004"},{"taxonomy":"post_tag","embeddable":true,"href":"https:\/\/www.portalalerta.com.br\/index.php\/wp-json\/wp\/v2\/tags?post=28004"}],"curies":[{"name":"wp","href":"https:\/\/api.w.org\/{rel}","templated":true}]}}