{"id":28013,"date":"2020-08-03T19:14:07","date_gmt":"2020-08-03T22:14:07","guid":{"rendered":"https:\/\/www.portalalerta.com.br\/?p=28013"},"modified":"2020-08-03T19:26:31","modified_gmt":"2020-08-03T22:26:31","slug":"julgamento-das-contas-de-prefeito-gera-aglomeracao-e-confusao-em-frente-a-camara-municipal-de-fatima-ba","status":"publish","type":"post","link":"https:\/\/www.portalalerta.com.br\/index.php\/2020\/08\/03\/julgamento-das-contas-de-prefeito-gera-aglomeracao-e-confusao-em-frente-a-camara-municipal-de-fatima-ba\/","title":{"rendered":"Julgamento das contas de prefeito, gera aglomera\u00e7\u00e3o e confus\u00e3o em frente a C\u00e2mara Municipal de F\u00e1tima-BA"},"content":{"rendered":"<p style=\"text-align: justify;\">Na noite desta sexta-feira, dia 31 de julho de 2020, contrariando completamente as recomenda\u00e7\u00f5es da OMS (Organiza\u00e7\u00e3o Mundial da Sa\u00fade), mais de 200 pessoas se aglomeraram e causaram confus\u00e3o em frente \u00e0 C\u00e2mara Municipal de F\u00e1tima-BA, conforme \u00e9 visto em imagens compartilhadas nas redes sociais e aplicativos de mensagens.\u00a0<!--more--><\/p>\n<p style=\"text-align: justify;\"><img fetchpriority=\"high\" decoding=\"async\" class=\"size-thumbnail wp-image-9394 alignleft\" src=\"https:\/\/www.portalalerta.com.br\/wp-content\/uploads\/2018\/07\/05elab-320x240.jpg\" alt=\"\" width=\"320\" height=\"240\" srcset=\"https:\/\/www.portalalerta.com.br\/wp-content\/uploads\/2018\/07\/05elab-320x240.jpg 320w, https:\/\/www.portalalerta.com.br\/wp-content\/uploads\/2018\/07\/05elab-195x146.jpg 195w, https:\/\/www.portalalerta.com.br\/wp-content\/uploads\/2018\/07\/05elab-50x38.jpg 50w, https:\/\/www.portalalerta.com.br\/wp-content\/uploads\/2018\/07\/05elab-100x75.jpg 100w, https:\/\/www.portalalerta.com.br\/wp-content\/uploads\/2018\/07\/05elab.jpg 400w\" sizes=\"(max-width: 320px) 100vw, 320px\" \/>As cr\u00edticas nas redes sociais proliferam repercutindo de forma negativa devido ao fato de tal aglomera\u00e7\u00e3o ter acontecido em plena pandemia, onde o boletim da \u00faltima sexta-feira somava 55 casos confirmados da doen\u00e7a. O munic\u00edpio registrou at\u00e9 agora, 03 \u00f3bitos provocadas pela Covid-19.<\/p>\n<p>A confus\u00e3o ocorreu devido a sess\u00e3o desta sexta-feira, ter como pauta as contas anuais do exerc\u00edcio de 2018 que foram rejeitadas pelo TCM, e foram encaminhadas para a comiss\u00e3o de finan\u00e7as, or\u00e7amento e fiscaliza\u00e7\u00e3o para aprecia\u00e7\u00e3o e parecer opinativo. A comiss\u00e3o que \u00e9 permanente tem o prazo de 30 dias para encaminhar o parecer para a mesa diretora. Confira o v\u00eddeo:<\/p>\n<p>&nbsp;<\/p>\n<p><iframe title=\"Julgamento de Contas do Prefeito de F\u00e1tima BA termina com confus\u00e3o e Aglomera\u00e7\u00e3o\" width=\"500\" height=\"281\" src=\"https:\/\/www.youtube.com\/embed\/4RdoZS5CFfw?feature=oembed\" frameborder=\"0\" allow=\"accelerometer; autoplay; clipboard-write; encrypted-media; gyroscope; picture-in-picture; web-share\" referrerpolicy=\"strict-origin-when-cross-origin\" allowfullscreen><\/iframe><\/p>\n<p style=\"text-align: justify;\"><em>Fonte: Cicero Dantas Acontece<\/em><\/p>\n","protected":false},"excerpt":{"rendered":"<p>Na noite desta sexta-feira, dia 31 de julho de 2020, contrariando completamente as recomenda\u00e7\u00f5es da OMS (Organiza\u00e7\u00e3o Mundial da Sa\u00fade), mais de 200 pessoas se aglomeraram e causaram confus\u00e3o em frente \u00e0 C\u00e2mara Municipal de F\u00e1tima-BA, conforme \u00e9 visto em imagens compartilhadas nas redes sociais e aplicativos de mensagens.\u00a0<\/p>\n","protected":false},"author":2,"featured_media":28014,"comment_status":"open","ping_status":"open","sticky":false,"template":"","format":"standard","meta":{"om_disable_all_campaigns":false,"_monsterinsights_skip_tracking":false,"_monsterinsights_sitenote_active":false,"_monsterinsights_sitenote_note":"","_monsterinsights_sitenote_category":0,"footnotes":""},"categories":[70,10,69,21,32,68],"tags":[100,3831,71,48,49,75,45,1189,46,129,107,44,132,230,3828,106,203,120,51,199,109,88,47,111,190,29],"class_list":["post-28013","post","type-post","status-publish","format-standard","has-post-thumbnail","hentry","category-destaques","category-fatima","category-noticias2","category-politica","category-regiao","category-videos","tag-adustina","tag-aglomeracao","tag-antas","tag-araci","tag-banzae","tag-cicero-dantas","tag-cipo","tag-confusao","tag-crisopolis","tag-euclides-da-cunha","tag-fatima","tag-heliopolis","tag-itapicuru","tag-jeremoabo","tag-noticias","tag-nova-soure","tag-novo-triunfo","tag-olindina","tag-paripiranga","tag-politica","tag-quijingue","tag-ribeira-do-amparo","tag-ribeira-do-pombal","tag-sitio-do-quinto","tag-tucano","tag-video"],"aioseo_notices":[],"_links":{"self":[{"href":"https:\/\/www.portalalerta.com.br\/index.php\/wp-json\/wp\/v2\/posts\/28013","targetHints":{"allow":["GET"]}}],"collection":[{"href":"https:\/\/www.portalalerta.com.br\/index.php\/wp-json\/wp\/v2\/posts"}],"about":[{"href":"https:\/\/www.portalalerta.com.br\/index.php\/wp-json\/wp\/v2\/types\/post"}],"author":[{"embeddable":true,"href":"https:\/\/www.portalalerta.com.br\/index.php\/wp-json\/wp\/v2\/users\/2"}],"replies":[{"embeddable":true,"href":"https:\/\/www.portalalerta.com.br\/index.php\/wp-json\/wp\/v2\/comments?post=28013"}],"version-history":[{"count":2,"href":"https:\/\/www.portalalerta.com.br\/index.php\/wp-json\/wp\/v2\/posts\/28013\/revisions"}],"predecessor-version":[{"id":28016,"href":"https:\/\/www.portalalerta.com.br\/index.php\/wp-json\/wp\/v2\/posts\/28013\/revisions\/28016"}],"wp:featuredmedia":[{"embeddable":true,"href":"https:\/\/www.portalalerta.com.br\/index.php\/wp-json\/wp\/v2\/media\/28014"}],"wp:attachment":[{"href":"https:\/\/www.portalalerta.com.br\/index.php\/wp-json\/wp\/v2\/media?parent=28013"}],"wp:term":[{"taxonomy":"category","embeddable":true,"href":"https:\/\/www.portalalerta.com.br\/index.php\/wp-json\/wp\/v2\/categories?post=28013"},{"taxonomy":"post_tag","embeddable":true,"href":"https:\/\/www.portalalerta.com.br\/index.php\/wp-json\/wp\/v2\/tags?post=28013"}],"curies":[{"name":"wp","href":"https:\/\/api.w.org\/{rel}","templated":true}]}}