{"id":28017,"date":"2020-08-03T19:32:48","date_gmt":"2020-08-03T22:32:48","guid":{"rendered":"https:\/\/www.portalalerta.com.br\/?p=28017"},"modified":"2020-08-03T19:33:34","modified_gmt":"2020-08-03T22:33:34","slug":"resultado-do-fies-saira-nesta-terca-feira-4","status":"publish","type":"post","link":"https:\/\/www.portalalerta.com.br\/index.php\/2020\/08\/03\/resultado-do-fies-saira-nesta-terca-feira-4\/","title":{"rendered":"Resultado do Fies sair\u00e1 nesta ter\u00e7a-feira (4)"},"content":{"rendered":"<p style=\"text-align: justify;\">O Minist\u00e9rio da Educa\u00e7\u00e3o (MEC) divulgar\u00e1 nesta ter\u00e7a-feira (4) o resultado dos candidatos pr\u00e9-selecionados para o\u00a0Fundo de Financiamento Estudantil (Fies). Nesta edi\u00e7\u00e3o, 107.875 inscritos disputam 30 mil vagas ofertadas em mais de 1,3 mil institui\u00e7\u00f5es de ensino superior. Os interessados devem ficar atentos aos prazos porque a complementa\u00e7\u00e3o da inscri\u00e7\u00e3o nesta chamada \u00fanica come\u00e7a na ter\u00e7a e segue at\u00e9 as 23h59 de quinta-feira (6).<!--more--><\/p>\n<p style=\"text-align: justify;\"><strong><img fetchpriority=\"high\" decoding=\"async\" class=\"size-thumbnail wp-image-4869 aligncenter\" src=\"https:\/\/www.portalalerta.com.br\/wp-content\/uploads\/2018\/02\/Auto-Escola-Nobre-720x181.jpg\" alt=\"\" width=\"720\" height=\"181\" srcset=\"https:\/\/www.portalalerta.com.br\/wp-content\/uploads\/2018\/02\/Auto-Escola-Nobre.jpg 720w, https:\/\/www.portalalerta.com.br\/wp-content\/uploads\/2018\/02\/Auto-Escola-Nobre-260x65.jpg 260w, https:\/\/www.portalalerta.com.br\/wp-content\/uploads\/2018\/02\/Auto-Escola-Nobre-50x13.jpg 50w, https:\/\/www.portalalerta.com.br\/wp-content\/uploads\/2018\/02\/Auto-Escola-Nobre-150x38.jpg 150w\" sizes=\"(max-width: 720px) 100vw, 720px\" \/>Lista de espera<\/strong><\/p>\n<p style=\"text-align: justify;\">Quem n\u00e3o for pr\u00e9-selecionado nesta fase pode disputar uma das vagas ofertadas por meio da lista de espera. Diferentemente dos processos seletivos do Sisu (Sistema de Sele\u00e7\u00e3o Unificada) e do Prouni (Programa Universidade Para Todos), para participar da lista de espera do Fies n\u00e3o \u00e9 necess\u00e1rio manifestar interesse porque a inclus\u00e3o \u00e9 feita automaticamente. A convoca\u00e7\u00e3o da lista de espera vai do dia 4 at\u00e9 as 23h59 de 31 de agosto.<\/p>\n<p style=\"text-align: justify;\"><strong>Programa<\/strong><\/p>\n<p style=\"text-align: justify;\">O Fies \u00e9 um programa do MEC que concede financiamento a estudantes em cursos superiores n\u00e3o gratuitos, em institui\u00e7\u00f5es particulares de educa\u00e7\u00e3o superior. O fundo \u00e9 um modelo de financiamento estudantil moderno, dividido em diferentes modalidades, podendo conceder juro zero a quem mais precisa. A escala varia conforme a renda familiar do candidato.<\/p>\n<p style=\"text-align: justify;\"><em>Fonte: Canabrava FM<\/em><\/p>\n<p style=\"text-align: justify;\"><em>Com informa\u00e7\u00f5es: Agencia Brasil<\/em><\/p>\n","protected":false},"excerpt":{"rendered":"<p>O Minist\u00e9rio da Educa\u00e7\u00e3o (MEC) divulgar\u00e1 nesta ter\u00e7a-feira (4) o resultado dos candidatos pr\u00e9-selecionados para o\u00a0Fundo de Financiamento Estudantil (Fies). Nesta edi\u00e7\u00e3o, 107.875 inscritos disputam 30 mil vagas ofertadas em mais de 1,3 mil institui\u00e7\u00f5es de ensino superior. Os interessados devem ficar atentos aos prazos porque a complementa\u00e7\u00e3o da inscri\u00e7\u00e3o nesta chamada \u00fanica come\u00e7a na &hellip;<\/p>\n","protected":false},"author":2,"featured_media":9241,"comment_status":"open","ping_status":"open","sticky":false,"template":"","format":"standard","meta":{"om_disable_all_campaigns":false,"_monsterinsights_skip_tracking":false,"_monsterinsights_sitenote_active":false,"_monsterinsights_sitenote_note":"","_monsterinsights_sitenote_category":0,"footnotes":""},"categories":[34,70,20,69],"tags":[100,71,48,49,93,75,45,46,140,129,107,1388,44,132,230,3828,106,203,120,51,109,452,88,47,111,190],"class_list":["post-28017","post","type-post","status-publish","format-standard","has-post-thumbnail","hentry","category-brasil","category-destaques","category-educacao","category-noticias2","tag-adustina","tag-antas","tag-araci","tag-banzae","tag-brasil","tag-cicero-dantas","tag-cipo","tag-crisopolis","tag-educacao","tag-euclides-da-cunha","tag-fatima","tag-fies","tag-heliopolis","tag-itapicuru","tag-jeremoabo","tag-noticias","tag-nova-soure","tag-novo-triunfo","tag-olindina","tag-paripiranga","tag-quijingue","tag-resultado","tag-ribeira-do-amparo","tag-ribeira-do-pombal","tag-sitio-do-quinto","tag-tucano"],"aioseo_notices":[],"_links":{"self":[{"href":"https:\/\/www.portalalerta.com.br\/index.php\/wp-json\/wp\/v2\/posts\/28017","targetHints":{"allow":["GET"]}}],"collection":[{"href":"https:\/\/www.portalalerta.com.br\/index.php\/wp-json\/wp\/v2\/posts"}],"about":[{"href":"https:\/\/www.portalalerta.com.br\/index.php\/wp-json\/wp\/v2\/types\/post"}],"author":[{"embeddable":true,"href":"https:\/\/www.portalalerta.com.br\/index.php\/wp-json\/wp\/v2\/users\/2"}],"replies":[{"embeddable":true,"href":"https:\/\/www.portalalerta.com.br\/index.php\/wp-json\/wp\/v2\/comments?post=28017"}],"version-history":[{"count":1,"href":"https:\/\/www.portalalerta.com.br\/index.php\/wp-json\/wp\/v2\/posts\/28017\/revisions"}],"predecessor-version":[{"id":28018,"href":"https:\/\/www.portalalerta.com.br\/index.php\/wp-json\/wp\/v2\/posts\/28017\/revisions\/28018"}],"wp:featuredmedia":[{"embeddable":true,"href":"https:\/\/www.portalalerta.com.br\/index.php\/wp-json\/wp\/v2\/media\/9241"}],"wp:attachment":[{"href":"https:\/\/www.portalalerta.com.br\/index.php\/wp-json\/wp\/v2\/media?parent=28017"}],"wp:term":[{"taxonomy":"category","embeddable":true,"href":"https:\/\/www.portalalerta.com.br\/index.php\/wp-json\/wp\/v2\/categories?post=28017"},{"taxonomy":"post_tag","embeddable":true,"href":"https:\/\/www.portalalerta.com.br\/index.php\/wp-json\/wp\/v2\/tags?post=28017"}],"curies":[{"name":"wp","href":"https:\/\/api.w.org\/{rel}","templated":true}]}}