{"id":28022,"date":"2020-08-04T00:51:14","date_gmt":"2020-08-04T03:51:14","guid":{"rendered":"https:\/\/www.portalalerta.com.br\/?p=28022"},"modified":"2020-08-04T00:56:37","modified_gmt":"2020-08-04T03:56:37","slug":"1morre-o-ex-secretario-estadual-da-cultura-e-professor-jorge-portugal-aos-64-anos","status":"publish","type":"post","link":"https:\/\/www.portalalerta.com.br\/index.php\/2020\/08\/04\/1morre-o-ex-secretario-estadual-da-cultura-e-professor-jorge-portugal-aos-64-anos\/","title":{"rendered":"Morre o ex-secret\u00e1rio Estadual da Cultura, e professor, Jorge Portugal, aos 64 anos"},"content":{"rendered":"<p style=\"text-align: justify;\">O ex-secret\u00e1rio estadual da Cultura, professor Jorge Portugal morreu nesta ter\u00e7a-feira, 03, aos 64 anos. Portugal tamb\u00e9m era compositor, poeta, e apresentador<strong>.<\/strong><!--more--><\/p>\n<div style=\"text-align: justify;\" data-mvc-banner=\"leaderboard\"><\/div>\n<p style=\"text-align: justify;\"><script type=\"text\/javascript\"> (function(storeName) { var b = document.createElement('script'); b.type = 'text\/javascript'; b.async = true; b.src = 'https:\/\/www.magazinevoce.com.br\/js\/banner.js?store='+ storeName; var s = document.getElementsByTagName('script')[0]; s.parentNode.insertBefore(b, s); })('Nvscosta'); <\/script><\/p>\n<p style=\"text-align: justify;\">Portugal foi internado nesta segunda (3) no Hospital Geral Roberto Santos (HGRS), em Salvador. Segundo boletim m\u00e9dico da unidade, divulgado \u00e0s 16h40, ele foi admitido &#8220;em estado cr\u00edtico&#8221;, apresentava &#8220;quadro de choque cardiog\u00eanico\u201d, quando h\u00e1\u00a0insufici\u00eancia de irriga\u00e7\u00e3o sangu\u00ednea\u00a0porque o cora\u00e7\u00e3o n\u00e3o consegue bombear sangue com efici\u00eancia.<\/p>\n<p style=\"text-align: justify;\">Natural de Santo Amaro, no Rec\u00f4ncavo, Portugal era um compositor e letrista aclamado, com parcerias de sucesso com Roberto Mendes, em \u2018S\u00f3 Se V\u00ea Na Bahia\u2019, e com Raimundo Sodr\u00e9, em \u2018A Massa\u2019. Ele deixou a Secretaria da Cultura da Bahia em 2017. Na TV, foi o idealizador e apresentador do programa \u201cAprovado\u201d.<\/p>\n<p style=\"text-align: justify;\"><em>Fonte: Metro1<\/em><\/p>\n","protected":false},"excerpt":{"rendered":"<p>O ex-secret\u00e1rio estadual da Cultura, professor Jorge Portugal morreu nesta ter\u00e7a-feira, 03, aos 64 anos. Portugal tamb\u00e9m era compositor, poeta, e apresentador.<\/p>\n","protected":false},"author":2,"featured_media":28023,"comment_status":"open","ping_status":"open","sticky":false,"template":"","format":"standard","meta":{"om_disable_all_campaigns":false,"_monsterinsights_skip_tracking":false,"_monsterinsights_sitenote_active":false,"_monsterinsights_sitenote_note":"","_monsterinsights_sitenote_category":0,"footnotes":""},"categories":[33,70,20,69,19],"tags":[54,3832,169],"class_list":["post-28022","post","type-post","status-publish","format-standard","has-post-thumbnail","hentry","category-bahia","category-destaques","category-educacao","category-noticias2","category-saude","tag-bahia","tag-jorge-portugal","tag-morte"],"aioseo_notices":[],"_links":{"self":[{"href":"https:\/\/www.portalalerta.com.br\/index.php\/wp-json\/wp\/v2\/posts\/28022","targetHints":{"allow":["GET"]}}],"collection":[{"href":"https:\/\/www.portalalerta.com.br\/index.php\/wp-json\/wp\/v2\/posts"}],"about":[{"href":"https:\/\/www.portalalerta.com.br\/index.php\/wp-json\/wp\/v2\/types\/post"}],"author":[{"embeddable":true,"href":"https:\/\/www.portalalerta.com.br\/index.php\/wp-json\/wp\/v2\/users\/2"}],"replies":[{"embeddable":true,"href":"https:\/\/www.portalalerta.com.br\/index.php\/wp-json\/wp\/v2\/comments?post=28022"}],"version-history":[{"count":3,"href":"https:\/\/www.portalalerta.com.br\/index.php\/wp-json\/wp\/v2\/posts\/28022\/revisions"}],"predecessor-version":[{"id":28026,"href":"https:\/\/www.portalalerta.com.br\/index.php\/wp-json\/wp\/v2\/posts\/28022\/revisions\/28026"}],"wp:featuredmedia":[{"embeddable":true,"href":"https:\/\/www.portalalerta.com.br\/index.php\/wp-json\/wp\/v2\/media\/28023"}],"wp:attachment":[{"href":"https:\/\/www.portalalerta.com.br\/index.php\/wp-json\/wp\/v2\/media?parent=28022"}],"wp:term":[{"taxonomy":"category","embeddable":true,"href":"https:\/\/www.portalalerta.com.br\/index.php\/wp-json\/wp\/v2\/categories?post=28022"},{"taxonomy":"post_tag","embeddable":true,"href":"https:\/\/www.portalalerta.com.br\/index.php\/wp-json\/wp\/v2\/tags?post=28022"}],"curies":[{"name":"wp","href":"https:\/\/api.w.org\/{rel}","templated":true}]}}