{"id":28031,"date":"2020-08-04T12:35:52","date_gmt":"2020-08-04T15:35:52","guid":{"rendered":"https:\/\/www.portalalerta.com.br\/?p=28031"},"modified":"2020-08-04T12:35:52","modified_gmt":"2020-08-04T15:35:52","slug":"fachin-revoga-liminar-de-toffoli-que-dava-a-pgr-acesso-a-dados-da-lava-jato","status":"publish","type":"post","link":"https:\/\/www.portalalerta.com.br\/index.php\/2020\/08\/04\/fachin-revoga-liminar-de-toffoli-que-dava-a-pgr-acesso-a-dados-da-lava-jato\/","title":{"rendered":"Fachin revoga liminar de Toffoli que dava a PGR acesso a dados da Lava-Jato"},"content":{"rendered":"<p style=\"text-align: justify;\">O ministro do Supremo Tribunal Federal (STF) Edson Fachin revogou nesta segunda-feira, 03, a decis\u00e3o liminar concedida pelo presidente do STF Dias Toffoli durante o plant\u00e3o judici\u00e1rio, e suspendeu a ordem concedida \u00e0 Procuradoria-Geral da Rep\u00fablica (PGR) para obter c\u00f3pias dos bancos de dados das for\u00e7as-tarefas da Lava-Jato.<!--more--><\/p>\n<p style=\"text-align: justify;\"><img fetchpriority=\"high\" decoding=\"async\" class=\"size-thumbnail wp-image-9394 alignleft\" src=\"https:\/\/www.portalalerta.com.br\/wp-content\/uploads\/2018\/07\/05elab-320x240.jpg\" alt=\"\" width=\"320\" height=\"240\" srcset=\"https:\/\/www.portalalerta.com.br\/wp-content\/uploads\/2018\/07\/05elab-320x240.jpg 320w, https:\/\/www.portalalerta.com.br\/wp-content\/uploads\/2018\/07\/05elab-195x146.jpg 195w, https:\/\/www.portalalerta.com.br\/wp-content\/uploads\/2018\/07\/05elab-50x38.jpg 50w, https:\/\/www.portalalerta.com.br\/wp-content\/uploads\/2018\/07\/05elab-100x75.jpg 100w, https:\/\/www.portalalerta.com.br\/wp-content\/uploads\/2018\/07\/05elab.jpg 400w\" sizes=\"(max-width: 320px) 100vw, 320px\" \/>A PGR havia apresentado uma a\u00e7\u00e3o durante o plant\u00e3o judicial argumentando que a Lava-Jato se recusava a fornecer os bancos de dados das investiga\u00e7\u00f5es. Toffoli concedeu a liminar e determinou que as for\u00e7as-tarefas fornecessem todo o material \u00e0 equipe de Aras.<\/p>\n<p style=\"text-align: justify;\">Fachin afirma que o tipo de a\u00e7\u00e3o utilizada pela PGR, uma reclama\u00e7\u00e3o, n\u00e3o era cab\u00edvel para tratar do compartilhamento de dados.<\/p>\n<p style=\"text-align: justify;\">\u201cDecisa\u0303o sobre remoc\u0327a\u0303o de membros do Ministe\u0301rio Pu\u0301blico na\u0303o serve, com o devido respeito, como paradigma para chancelar, em sede de reclamac\u0327a\u0303o, obrigac\u0327a\u0303o de interca\u0302mbio de provas intrainstitucional. Entendo na\u0303o preenchidos os requisitos pro\u0301prios e especi\u0301ficos da via eleita pela parte reclamante\u201d, escreveu Fachin.<\/p>\n<p style=\"text-align: justify;\"><em>Fonte: Metro1<\/em><\/p>\n","protected":false},"excerpt":{"rendered":"<p>O ministro do Supremo Tribunal Federal (STF) Edson Fachin revogou nesta segunda-feira, 03, a decis\u00e3o liminar concedida pelo presidente do STF Dias Toffoli durante o plant\u00e3o judici\u00e1rio, e suspendeu a ordem concedida \u00e0 Procuradoria-Geral da Rep\u00fablica (PGR) para obter c\u00f3pias dos bancos de dados das for\u00e7as-tarefas da Lava-Jato.<\/p>\n","protected":false},"author":2,"featured_media":28032,"comment_status":"open","ping_status":"open","sticky":false,"template":"","format":"standard","meta":{"om_disable_all_campaigns":false,"_monsterinsights_skip_tracking":false,"_monsterinsights_sitenote_active":false,"_monsterinsights_sitenote_note":"","_monsterinsights_sitenote_category":0,"footnotes":""},"categories":[34,70,69,21],"tags":[93,3538,247,411,216],"class_list":["post-28031","post","type-post","status-publish","format-standard","has-post-thumbnail","hentry","category-brasil","category-destaques","category-noticias2","category-politica","tag-brasil","tag-edson-fachin","tag-lava-jato","tag-pgr","tag-stf"],"aioseo_notices":[],"_links":{"self":[{"href":"https:\/\/www.portalalerta.com.br\/index.php\/wp-json\/wp\/v2\/posts\/28031","targetHints":{"allow":["GET"]}}],"collection":[{"href":"https:\/\/www.portalalerta.com.br\/index.php\/wp-json\/wp\/v2\/posts"}],"about":[{"href":"https:\/\/www.portalalerta.com.br\/index.php\/wp-json\/wp\/v2\/types\/post"}],"author":[{"embeddable":true,"href":"https:\/\/www.portalalerta.com.br\/index.php\/wp-json\/wp\/v2\/users\/2"}],"replies":[{"embeddable":true,"href":"https:\/\/www.portalalerta.com.br\/index.php\/wp-json\/wp\/v2\/comments?post=28031"}],"version-history":[{"count":1,"href":"https:\/\/www.portalalerta.com.br\/index.php\/wp-json\/wp\/v2\/posts\/28031\/revisions"}],"predecessor-version":[{"id":28033,"href":"https:\/\/www.portalalerta.com.br\/index.php\/wp-json\/wp\/v2\/posts\/28031\/revisions\/28033"}],"wp:featuredmedia":[{"embeddable":true,"href":"https:\/\/www.portalalerta.com.br\/index.php\/wp-json\/wp\/v2\/media\/28032"}],"wp:attachment":[{"href":"https:\/\/www.portalalerta.com.br\/index.php\/wp-json\/wp\/v2\/media?parent=28031"}],"wp:term":[{"taxonomy":"category","embeddable":true,"href":"https:\/\/www.portalalerta.com.br\/index.php\/wp-json\/wp\/v2\/categories?post=28031"},{"taxonomy":"post_tag","embeddable":true,"href":"https:\/\/www.portalalerta.com.br\/index.php\/wp-json\/wp\/v2\/tags?post=28031"}],"curies":[{"name":"wp","href":"https:\/\/api.w.org\/{rel}","templated":true}]}}