{"id":28034,"date":"2020-08-04T12:48:25","date_gmt":"2020-08-04T15:48:25","guid":{"rendered":"https:\/\/www.portalalerta.com.br\/?p=28034"},"modified":"2020-08-04T12:48:25","modified_gmt":"2020-08-04T15:48:25","slug":"ribeira-do-pombal-ba-ultrapassa-a-marca-de-400-infectados-por-covid-19","status":"publish","type":"post","link":"https:\/\/www.portalalerta.com.br\/index.php\/2020\/08\/04\/ribeira-do-pombal-ba-ultrapassa-a-marca-de-400-infectados-por-covid-19\/","title":{"rendered":"Ribeira do Pombal-BA ultrapassa a marca de 400 infectados por Covid-19"},"content":{"rendered":"<p style=\"text-align: justify;\">No \u00faltimo Boletim Epidemiol\u00f3gico divulgado na noite de segunda-feira, 03, o munic\u00edpio de Ribeira do Pombal-BA confirmou mais 19 diagn\u00f3sticos de Covid-19 (Coronav\u00edrus).<!--more--><\/p>\n<p style=\"text-align: justify;\"><img fetchpriority=\"high\" decoding=\"async\" class=\"size-thumbnail wp-image-4869 aligncenter\" src=\"https:\/\/www.portalalerta.com.br\/wp-content\/uploads\/2018\/02\/Auto-Escola-Nobre-720x181.jpg\" alt=\"\" width=\"720\" height=\"181\" srcset=\"https:\/\/www.portalalerta.com.br\/wp-content\/uploads\/2018\/02\/Auto-Escola-Nobre.jpg 720w, https:\/\/www.portalalerta.com.br\/wp-content\/uploads\/2018\/02\/Auto-Escola-Nobre-260x65.jpg 260w, https:\/\/www.portalalerta.com.br\/wp-content\/uploads\/2018\/02\/Auto-Escola-Nobre-50x13.jpg 50w, https:\/\/www.portalalerta.com.br\/wp-content\/uploads\/2018\/02\/Auto-Escola-Nobre-150x38.jpg 150w\" sizes=\"(max-width: 720px) 100vw, 720px\" \/>Desta forma o munic\u00edpio se juntou a Araci e Itapicuru, ultrapassando a marca de 400 infec\u00e7\u00f5es. Al\u00e9m disso, o Boletim divulgou tamb\u00e9m que mais 14 pacientes receberam alta m\u00e9dica por estarem curados da doen\u00e7a.<\/p>\n<p style=\"text-align: justify;\">Ao todo, j\u00e1 s\u00e3o 412 casos confirmados, sendo 57 ativos (14%), 348 curados (84%), e 07 mortes (2%).<\/p>\n<p style=\"text-align: justify;\"><a href=\"https:\/\/www.portalalerta.com.br\/index.php\/2020\/05\/26\/saiba-como-esta-a-evolucao-do-covid-19-em-ribeira-do-pombal-ba\/\"><strong style=\"font-style: inherit;\">Clique aqui e saiba como est\u00e1 a evolu\u00e7\u00e3o do Covid-19 em Ribeira do Pombal-BA<\/strong><\/a><\/p>\n<p style=\"text-align: justify;\"><em style=\"font-weight: inherit;\">Reda\u00e7\u00e3o: Portal Alerta<\/em><\/p>\n<p style=\"text-align: justify;\"><em style=\"font-weight: inherit;\"><strong>#fiqueemcasa\u00a0\u00a0\u00a0\u00a0<\/strong><\/em><\/p>\n<p style=\"text-align: justify;\"><em style=\"font-weight: inherit;\"><strong>#usemascaras<\/strong><\/em><\/p>\n","protected":false},"excerpt":{"rendered":"<p>No \u00faltimo Boletim Epidemiol\u00f3gico divulgado na noite de segunda-feira, 03, o munic\u00edpio de Ribeira do Pombal-BA confirmou mais 19 diagn\u00f3sticos de Covid-19 (Coronav\u00edrus).<\/p>\n","protected":false},"author":2,"featured_media":3952,"comment_status":"open","ping_status":"open","sticky":false,"template":"","format":"standard","meta":{"om_disable_all_campaigns":false,"_monsterinsights_skip_tracking":false,"_monsterinsights_sitenote_active":false,"_monsterinsights_sitenote_note":"","_monsterinsights_sitenote_category":0,"footnotes":""},"categories":[70,69,32,3,19],"tags":[3429,3486,3771,3724,47,61],"class_list":["post-28034","post","type-post","status-publish","format-standard","has-post-thumbnail","hentry","category-destaques","category-noticias2","category-regiao","category-ribeira-do-pombal","category-saude","tag-coronavirus","tag-covid-19","tag-curas","tag-infeccao","tag-ribeira-do-pombal","tag-saude"],"aioseo_notices":[],"_links":{"self":[{"href":"https:\/\/www.portalalerta.com.br\/index.php\/wp-json\/wp\/v2\/posts\/28034","targetHints":{"allow":["GET"]}}],"collection":[{"href":"https:\/\/www.portalalerta.com.br\/index.php\/wp-json\/wp\/v2\/posts"}],"about":[{"href":"https:\/\/www.portalalerta.com.br\/index.php\/wp-json\/wp\/v2\/types\/post"}],"author":[{"embeddable":true,"href":"https:\/\/www.portalalerta.com.br\/index.php\/wp-json\/wp\/v2\/users\/2"}],"replies":[{"embeddable":true,"href":"https:\/\/www.portalalerta.com.br\/index.php\/wp-json\/wp\/v2\/comments?post=28034"}],"version-history":[{"count":1,"href":"https:\/\/www.portalalerta.com.br\/index.php\/wp-json\/wp\/v2\/posts\/28034\/revisions"}],"predecessor-version":[{"id":28035,"href":"https:\/\/www.portalalerta.com.br\/index.php\/wp-json\/wp\/v2\/posts\/28034\/revisions\/28035"}],"wp:featuredmedia":[{"embeddable":true,"href":"https:\/\/www.portalalerta.com.br\/index.php\/wp-json\/wp\/v2\/media\/3952"}],"wp:attachment":[{"href":"https:\/\/www.portalalerta.com.br\/index.php\/wp-json\/wp\/v2\/media?parent=28034"}],"wp:term":[{"taxonomy":"category","embeddable":true,"href":"https:\/\/www.portalalerta.com.br\/index.php\/wp-json\/wp\/v2\/categories?post=28034"},{"taxonomy":"post_tag","embeddable":true,"href":"https:\/\/www.portalalerta.com.br\/index.php\/wp-json\/wp\/v2\/tags?post=28034"}],"curies":[{"name":"wp","href":"https:\/\/api.w.org\/{rel}","templated":true}]}}