{"id":28041,"date":"2020-08-04T16:55:44","date_gmt":"2020-08-04T19:55:44","guid":{"rendered":"https:\/\/www.portalalerta.com.br\/?p=28041"},"modified":"2020-08-04T16:55:44","modified_gmt":"2020-08-04T19:55:44","slug":"camara-municipal-de-jeremoabo-ba-retorna-com-as-sessoes-nesta-terca-feira-04","status":"publish","type":"post","link":"https:\/\/www.portalalerta.com.br\/index.php\/2020\/08\/04\/camara-municipal-de-jeremoabo-ba-retorna-com-as-sessoes-nesta-terca-feira-04\/","title":{"rendered":"C\u00e2mara Municipal de Jeremoabo BA retorna com as sess\u00f5es nesta ter\u00e7a-feira, 04"},"content":{"rendered":"<p style=\"text-align: justify;\">Ap\u00f3s o per\u00edodo de recesso, a C\u00e2mara Municipal de Jeremoabo BA retorna \u00e0s suas sess\u00f5es normais.<!--more--><\/p>\n<p style=\"text-align: justify;\">Nesta ter\u00e7a-feira, 04, \u00e0s 19:00hs, abrem-se os trabalhos legislativos do segundo per\u00edodo 2020 e mais uma vez, em fun\u00e7\u00e3o da pandemia, n\u00e3o vai ser aberto ao p\u00fablico, com \u00a0transmiss\u00e3o pelo facebook da C\u00e2mara Municipal\u00a0e pelas R\u00e1dios Jeremoabo FM e R\u00e1dio Vaza Barris..<\/p>\n<p style=\"text-align: justify;\"><img fetchpriority=\"high\" decoding=\"async\" class=\"size-thumbnail wp-image-9394 alignleft\" src=\"https:\/\/www.portalalerta.com.br\/wp-content\/uploads\/2018\/07\/05elab-320x240.jpg\" alt=\"\" width=\"320\" height=\"240\" srcset=\"https:\/\/www.portalalerta.com.br\/wp-content\/uploads\/2018\/07\/05elab-320x240.jpg 320w, https:\/\/www.portalalerta.com.br\/wp-content\/uploads\/2018\/07\/05elab-195x146.jpg 195w, https:\/\/www.portalalerta.com.br\/wp-content\/uploads\/2018\/07\/05elab-50x38.jpg 50w, https:\/\/www.portalalerta.com.br\/wp-content\/uploads\/2018\/07\/05elab-100x75.jpg 100w, https:\/\/www.portalalerta.com.br\/wp-content\/uploads\/2018\/07\/05elab.jpg 400w\" sizes=\"(max-width: 320px) 100vw, 320px\" \/>A mesa Diretora da C\u00e2mara \u00e9 composta por Benedito Oliveira dos Santos (PSD), Genilson de Jesus Varj\u00e3o (MDB) vice-presidente, Carlos Henrique Dantas de Oliveira (PSD) 1\u00ba. Secret\u00e1rio e Ana Josefina Melo de Carvalho (PSD) 2\u00ba. Secret\u00e1ria.<\/p>\n<p style=\"text-align: justify;\">Ant\u00f4nio chaves (PSD), Ant\u00f4nio Jos\u00e9 dos Santos (PPS), Diosmar Ara\u00fajo Gama (PSD), Edriane Santana dos Santos (PSD), Ivande dos Santos Silva (PP), Jairo Ribeiro Varj\u00e3o (PP), Jos\u00e9 Matos Pereira (MDB), Josefa Albertina dos Santos (SD) e Manoel Jos\u00e9 de Souza Gama (PSD).<\/p>\n<p style=\"text-align: justify;\"><em>Fonte: Jeremoabo.com.br<\/em><\/p>\n","protected":false},"excerpt":{"rendered":"<p>Ap\u00f3s o per\u00edodo de recesso, a C\u00e2mara Municipal de Jeremoabo BA retorna \u00e0s suas sess\u00f5es normais.<\/p>\n","protected":false},"author":2,"featured_media":21005,"comment_status":"open","ping_status":"open","sticky":false,"template":"","format":"standard","meta":{"om_disable_all_campaigns":false,"_monsterinsights_skip_tracking":false,"_monsterinsights_sitenote_active":false,"_monsterinsights_sitenote_note":"","_monsterinsights_sitenote_category":0,"footnotes":""},"categories":[70,9,69,21,32],"tags":[211,230,199],"class_list":["post-28041","post","type-post","status-publish","format-standard","has-post-thumbnail","hentry","category-destaques","category-jeremoabo","category-noticias2","category-politica","category-regiao","tag-camara-de-vereadores","tag-jeremoabo","tag-politica"],"aioseo_notices":[],"_links":{"self":[{"href":"https:\/\/www.portalalerta.com.br\/index.php\/wp-json\/wp\/v2\/posts\/28041","targetHints":{"allow":["GET"]}}],"collection":[{"href":"https:\/\/www.portalalerta.com.br\/index.php\/wp-json\/wp\/v2\/posts"}],"about":[{"href":"https:\/\/www.portalalerta.com.br\/index.php\/wp-json\/wp\/v2\/types\/post"}],"author":[{"embeddable":true,"href":"https:\/\/www.portalalerta.com.br\/index.php\/wp-json\/wp\/v2\/users\/2"}],"replies":[{"embeddable":true,"href":"https:\/\/www.portalalerta.com.br\/index.php\/wp-json\/wp\/v2\/comments?post=28041"}],"version-history":[{"count":1,"href":"https:\/\/www.portalalerta.com.br\/index.php\/wp-json\/wp\/v2\/posts\/28041\/revisions"}],"predecessor-version":[{"id":28042,"href":"https:\/\/www.portalalerta.com.br\/index.php\/wp-json\/wp\/v2\/posts\/28041\/revisions\/28042"}],"wp:featuredmedia":[{"embeddable":true,"href":"https:\/\/www.portalalerta.com.br\/index.php\/wp-json\/wp\/v2\/media\/21005"}],"wp:attachment":[{"href":"https:\/\/www.portalalerta.com.br\/index.php\/wp-json\/wp\/v2\/media?parent=28041"}],"wp:term":[{"taxonomy":"category","embeddable":true,"href":"https:\/\/www.portalalerta.com.br\/index.php\/wp-json\/wp\/v2\/categories?post=28041"},{"taxonomy":"post_tag","embeddable":true,"href":"https:\/\/www.portalalerta.com.br\/index.php\/wp-json\/wp\/v2\/tags?post=28041"}],"curies":[{"name":"wp","href":"https:\/\/api.w.org\/{rel}","templated":true}]}}