{"id":28043,"date":"2020-08-04T17:20:19","date_gmt":"2020-08-04T20:20:19","guid":{"rendered":"https:\/\/www.portalalerta.com.br\/?p=28043"},"modified":"2020-08-04T17:20:19","modified_gmt":"2020-08-04T20:20:19","slug":"explosao-na-regiao-do-porto-de-beirute-causa-destruicao-na-capital-do-libano","status":"publish","type":"post","link":"https:\/\/www.portalalerta.com.br\/index.php\/2020\/08\/04\/explosao-na-regiao-do-porto-de-beirute-causa-destruicao-na-capital-do-libano\/","title":{"rendered":"Explos\u00e3o na regi\u00e3o do porto de Beirute causa destrui\u00e7\u00e3o na capital do L\u00edbano"},"content":{"rendered":"<p style=\"text-align: justify;\">Uma explos\u00e3o na regi\u00e3o do porto de Beirute, capital do\u00a0L\u00edbano, causou grandes estragos na cidade nesta ter\u00e7a-feira, 4. As imagens do ocorrido chamam muita aten\u00e7\u00e3o nas redes sociais. A ag\u00eancia de not\u00edcias Reuters anunciou que, ao menos, 10 pessoas teriam morrido na explos\u00e3o.<!--more--><\/p>\n<p style=\"text-align: justify;\">A explos\u00e3o aconteceu pr\u00f3ximo \u00e0 regi\u00e3o portu\u00e1ria, em uma \u00e1rea em que s\u00e3o armazenados fogos de artif\u00edcio. Ainda n\u00e3o h\u00e1 confirma\u00e7\u00e3o sobre as causas da explos\u00e3o. Segundo o ministro da Sa\u00fade do pa\u00eds, Hamad Hasan, muitas pessoas ficaram feridas na explos\u00e3o.<\/p>\n<p style=\"text-align: justify;\">&#8220;Senti como se fosse um terremoto e depois uma enorme explos\u00e3o que quebrou todos os vidros. Senti que foi mais forte do que a explos\u00e3o do assassinato de Rafic Hariri&#8221; em 2005, provocada por uma caminhonete carregada de explosivos, declarou \u00e0 AFP uma libanesa no centro de Beirute.<\/p>\n<p style=\"text-align: justify;\">O governo decretou um dia de luto nacional na quarta-feira, enquanto o presidente convocou uma reuni\u00e3o de emerg\u00eancia do Conselho Superior de Defesa.<\/p>\n<p style=\"text-align: justify;\"><img fetchpriority=\"high\" decoding=\"async\" class=\"size-thumbnail wp-image-4869 aligncenter\" src=\"https:\/\/www.portalalerta.com.br\/wp-content\/uploads\/2018\/02\/Auto-Escola-Nobre-720x181.jpg\" alt=\"\" width=\"720\" height=\"181\" srcset=\"https:\/\/www.portalalerta.com.br\/wp-content\/uploads\/2018\/02\/Auto-Escola-Nobre.jpg 720w, https:\/\/www.portalalerta.com.br\/wp-content\/uploads\/2018\/02\/Auto-Escola-Nobre-260x65.jpg 260w, https:\/\/www.portalalerta.com.br\/wp-content\/uploads\/2018\/02\/Auto-Escola-Nobre-50x13.jpg 50w, https:\/\/www.portalalerta.com.br\/wp-content\/uploads\/2018\/02\/Auto-Escola-Nobre-150x38.jpg 150w\" sizes=\"(max-width: 720px) 100vw, 720px\" \/>A Cruz Vermelha no L\u00edbano disse que est\u00e1 recebendo milhares de chamadas em seu n\u00famero de emerg\u00eancia e pediu para que apenas liguem para o n\u00famero em casos graves. Georges Kettaneh, presidente da Cruz Vermelha Libanesa, se referiu a &#8220;centenas de feridos&#8221; em um comunicado na televis\u00e3o libanesa LBC.<\/p>\n<p style=\"text-align: justify;\">&#8220;Estamos sobrecarregados pelos telefonemas&#8221;, disse ele.<\/p>\n<p style=\"text-align: justify;\"><strong>OS ESTRAGOS<\/strong><\/p>\n<p style=\"text-align: justify;\">Janelas de muitos pr\u00e9dios e vitrines de lojas quebraram nos arredores. Nuvens de fuma\u00e7a laranja podiam ser vistas no c\u00e9u da capital. A \u00e1rea portu\u00e1ria foi isolada pelas for\u00e7as de seguran\u00e7a, que s\u00f3 permitem a passagem de agentes da defesa civil.<\/p>\n<p style=\"text-align: justify;\">A m\u00eddia local transmitiu imagens de pessoas presas em escombros, algumas cobertas de sangue. Muitos residentes feridos andam nas ruas em dire\u00e7\u00e3o a hospitais. No bairro de Achrafieh, os feridos correm para o H\u00f4tel Dieu.<\/p>\n<p style=\"text-align: justify;\">Em frente ao centro m\u00e9dico de Cl\u00e9menceau, dezenas de feridos, incluindo crian\u00e7as, \u00e0s vezes cobertas de sangue, esperavam para serem admitidos.<\/p>\n<p style=\"text-align: justify;\">Quase todas as vitrines das lojas dos bairros de Hamra, Badaro e Hazmieh estavam quebradas, assim como os vidros dos carros. Carros foram abandonados nas ruas com os airbags inflados.<\/p>\n<p style=\"text-align: justify;\"><em>Fonte: Yahoo Not\u00edcias<\/em><\/p>\n","protected":false},"excerpt":{"rendered":"<p>Uma explos\u00e3o na regi\u00e3o do porto de Beirute, capital do\u00a0L\u00edbano, causou grandes estragos na cidade nesta ter\u00e7a-feira, 4. As imagens do ocorrido chamam muita aten\u00e7\u00e3o nas redes sociais. A ag\u00eancia de not\u00edcias Reuters anunciou que, ao menos, 10 pessoas teriam morrido na explos\u00e3o.<\/p>\n","protected":false},"author":2,"featured_media":28044,"comment_status":"open","ping_status":"open","sticky":false,"template":"","format":"standard","meta":{"om_disable_all_campaigns":false,"_monsterinsights_skip_tracking":false,"_monsterinsights_sitenote_active":false,"_monsterinsights_sitenote_note":"","_monsterinsights_sitenote_category":0,"footnotes":""},"categories":[70,35,69],"tags":[3833,113,3299,339],"class_list":["post-28043","post","type-post","status-publish","format-standard","has-post-thumbnail","hentry","category-destaques","category-mundo","category-noticias2","tag-beirute","tag-explosao","tag-libano","tag-mundo"],"aioseo_notices":[],"_links":{"self":[{"href":"https:\/\/www.portalalerta.com.br\/index.php\/wp-json\/wp\/v2\/posts\/28043","targetHints":{"allow":["GET"]}}],"collection":[{"href":"https:\/\/www.portalalerta.com.br\/index.php\/wp-json\/wp\/v2\/posts"}],"about":[{"href":"https:\/\/www.portalalerta.com.br\/index.php\/wp-json\/wp\/v2\/types\/post"}],"author":[{"embeddable":true,"href":"https:\/\/www.portalalerta.com.br\/index.php\/wp-json\/wp\/v2\/users\/2"}],"replies":[{"embeddable":true,"href":"https:\/\/www.portalalerta.com.br\/index.php\/wp-json\/wp\/v2\/comments?post=28043"}],"version-history":[{"count":1,"href":"https:\/\/www.portalalerta.com.br\/index.php\/wp-json\/wp\/v2\/posts\/28043\/revisions"}],"predecessor-version":[{"id":28045,"href":"https:\/\/www.portalalerta.com.br\/index.php\/wp-json\/wp\/v2\/posts\/28043\/revisions\/28045"}],"wp:featuredmedia":[{"embeddable":true,"href":"https:\/\/www.portalalerta.com.br\/index.php\/wp-json\/wp\/v2\/media\/28044"}],"wp:attachment":[{"href":"https:\/\/www.portalalerta.com.br\/index.php\/wp-json\/wp\/v2\/media?parent=28043"}],"wp:term":[{"taxonomy":"category","embeddable":true,"href":"https:\/\/www.portalalerta.com.br\/index.php\/wp-json\/wp\/v2\/categories?post=28043"},{"taxonomy":"post_tag","embeddable":true,"href":"https:\/\/www.portalalerta.com.br\/index.php\/wp-json\/wp\/v2\/tags?post=28043"}],"curies":[{"name":"wp","href":"https:\/\/api.w.org\/{rel}","templated":true}]}}