{"id":2808,"date":"2017-11-25T02:39:51","date_gmt":"2017-11-25T04:39:51","guid":{"rendered":"http:\/\/www.portalalerta.com.br\/?p=2808"},"modified":"2017-11-25T02:39:51","modified_gmt":"2017-11-25T04:39:51","slug":"prefeito-pede-desculpas-por-dia-do-servidor-bonito-esteticamente","status":"publish","type":"post","link":"https:\/\/www.portalalerta.com.br\/index.php\/2017\/11\/25\/prefeito-pede-desculpas-por-dia-do-servidor-bonito-esteticamente\/","title":{"rendered":"Prefeito pede desculpas por Dia do Servidor Bonito Esteticamente"},"content":{"rendered":"<h2>C\u00e2mara de Petr\u00f3polis vai revogar lei sancionada por Bernardo Rossi.<\/h2>\n<p>O prefeito de Petr\u00f3polis (RJ), Bernardo Rossi (PMDB), se desculpou por sancionar o Dia do Servidor P\u00fablico Bonito Esteticamente, que ser\u00e1 revogado pela C\u00e2mara Municipal.<\/p>\n<p>Por meio de nota, o gestor disse que se ateve somente ao \u201ccunho de incentivo \u00e0s entidades assistenciais\u201d do concurso, cujo objetivo era arrecadar verba que seria revertida para tr\u00eas institui\u00e7\u00f5es. De acordo com o peemedebista, a lei n\u00e3o seria inconstitucional, apenas inadequada.<\/p>\n<p>\u201cPublicamente, o prefeito Bernardo Rossi se desculpa com os petropolitanos e, em especial, com os servidores p\u00fablicos pela san\u00e7\u00e3o da lei \u2013 que est\u00e1 sendo revogada pelo legislativo \u2013 que instituiu um concurso de beleza. A lei passou por todas as comiss\u00f5es da C\u00e2mara de Vereadores e foi aprovada em plen\u00e1rio, n\u00e3o sendo inconstitucional e n\u00e3o havendo impedimento jur\u00eddico para vet\u00e1-la. Ao sancionar a lei, o prefeito se ateve apenas ao cunho de incentivo \u00e0s entidades assistenciais, com a arrecada\u00e7\u00e3o do evento revertendo para tr\u00eas institui\u00e7\u00f5es, como que era previsto como o objetivo principal da iniciativa. Diante da repercuss\u00e3o, a prefeitura entendeu a inadequa\u00e7\u00e3o da lei e se desculpa com o funcionalismo e com a popula\u00e7\u00e3o\u201d, afirmou a administra\u00e7\u00e3o municipal.<\/p>\n","protected":false},"excerpt":{"rendered":"<p>C\u00e2mara de Petr\u00f3polis vai revogar lei sancionada por Bernardo Rossi. O prefeito de Petr\u00f3polis (RJ), Bernardo Rossi (PMDB), se desculpou por sancionar o Dia do Servidor P\u00fablico Bonito Esteticamente, que ser\u00e1 revogado pela C\u00e2mara Municipal. Por meio de nota, o gestor disse que se ateve somente ao \u201ccunho de incentivo \u00e0s entidades assistenciais\u201d do concurso, &hellip;<\/p>\n","protected":false},"author":1,"featured_media":2809,"comment_status":"closed","ping_status":"open","sticky":false,"template":"","format":"standard","meta":{"om_disable_all_campaigns":false,"_monsterinsights_skip_tracking":false,"_monsterinsights_sitenote_active":false,"_monsterinsights_sitenote_note":"","_monsterinsights_sitenote_category":0,"footnotes":""},"categories":[21],"tags":[],"class_list":["post-2808","post","type-post","status-publish","format-standard","has-post-thumbnail","hentry","category-politica"],"aioseo_notices":[],"_links":{"self":[{"href":"https:\/\/www.portalalerta.com.br\/index.php\/wp-json\/wp\/v2\/posts\/2808","targetHints":{"allow":["GET"]}}],"collection":[{"href":"https:\/\/www.portalalerta.com.br\/index.php\/wp-json\/wp\/v2\/posts"}],"about":[{"href":"https:\/\/www.portalalerta.com.br\/index.php\/wp-json\/wp\/v2\/types\/post"}],"author":[{"embeddable":true,"href":"https:\/\/www.portalalerta.com.br\/index.php\/wp-json\/wp\/v2\/users\/1"}],"replies":[{"embeddable":true,"href":"https:\/\/www.portalalerta.com.br\/index.php\/wp-json\/wp\/v2\/comments?post=2808"}],"version-history":[{"count":0,"href":"https:\/\/www.portalalerta.com.br\/index.php\/wp-json\/wp\/v2\/posts\/2808\/revisions"}],"wp:featuredmedia":[{"embeddable":true,"href":"https:\/\/www.portalalerta.com.br\/index.php\/wp-json\/wp\/v2\/media\/2809"}],"wp:attachment":[{"href":"https:\/\/www.portalalerta.com.br\/index.php\/wp-json\/wp\/v2\/media?parent=2808"}],"wp:term":[{"taxonomy":"category","embeddable":true,"href":"https:\/\/www.portalalerta.com.br\/index.php\/wp-json\/wp\/v2\/categories?post=2808"},{"taxonomy":"post_tag","embeddable":true,"href":"https:\/\/www.portalalerta.com.br\/index.php\/wp-json\/wp\/v2\/tags?post=2808"}],"curies":[{"name":"wp","href":"https:\/\/api.w.org\/{rel}","templated":true}]}}