{"id":28089,"date":"2020-08-04T21:35:39","date_gmt":"2020-08-05T00:35:39","guid":{"rendered":"https:\/\/www.portalalerta.com.br\/?p=28089"},"modified":"2020-08-04T21:35:39","modified_gmt":"2020-08-05T00:35:39","slug":"resultado-do-prouni-veja-se-voce-foi-aprovado-na-segunda-chamada","status":"publish","type":"post","link":"https:\/\/www.portalalerta.com.br\/index.php\/2020\/08\/04\/resultado-do-prouni-veja-se-voce-foi-aprovado-na-segunda-chamada\/","title":{"rendered":"Resultado do Prouni: veja se voc\u00ea foi aprovado na segunda chamada"},"content":{"rendered":"<p style=\"text-align: justify;\">O Minist\u00e9rio da Educa\u00e7\u00e3o divulgou nesta ter\u00e7a-feira (4) as listas dos estudantes pr\u00e9-selecionados na segunda chamada do Programa Universidade para Todos (Prouni). O resultado est\u00e1 dispon\u00edvel na\u00a0p\u00e1gina do Prouni. Voc\u00ea pode conferir se foi aprovado clicando\u00a0<a href=\"https:\/\/prounialuno.mec.gov.br\/\"><strong>aqui<\/strong><\/a>. O prazo para comprova\u00e7\u00e3o das informa\u00e7\u00f5es tamb\u00e9m come\u00e7a hoje e vai at\u00e9 o pr\u00f3ximo dia 11.<!--more--><\/p>\n<p style=\"text-align: justify;\">Os estudantes pr\u00e9-selecionados devem comparecer \u00e0s institui\u00e7\u00f5es de ensino e entregar os documentos que comprovem as informa\u00e7\u00f5es prestadas no momento da inscri\u00e7\u00e3o. Quem perder o prazo ou n\u00e3o comprovar os dados ser\u00e1 desclassificado.<\/p>\n<p style=\"text-align: justify;\">Os candidatos que n\u00e3o foram pr\u00e9-selecionados em nenhuma das duas chamadas do ProUni ainda podem disputar uma bolsa por meio da lista de espera. O prazo para que o candidato inscrito manifeste interesse nessa \u00faltima etapa da sele\u00e7\u00e3o \u00e9 de 18 a 20 de agosto. Nesse caso, o resultado ser\u00e1 divulgado no dia 24 de agosto e as informa\u00e7\u00f5es devem ser comprovadas at\u00e9 o dia 28 do mesmo m\u00eas.<\/p>\n<div data-mvc-banner=\"leaderboard\"><\/div>\n<p><script type=\"text\/javascript\"> (function(storeName) { var b = document.createElement('script'); b.type = 'text\/javascript'; b.async = true; b.src = 'https:\/\/www.magazinevoce.com.br\/js\/banner.js?store='+ storeName; var s = document.getElementsByTagName('script')[0]; s.parentNode.insertBefore(b, s); })('Nvscosta'); <\/script><\/p>\n<p style=\"text-align: justify;\"><strong>Bolsas de estudo<\/strong><\/p>\n<p style=\"text-align: justify;\">O Prouni \u00e9 o programa do governo federal que oferece bolsas de estudo, integrais e parciais (50%), em institui\u00e7\u00f5es particulares de educa\u00e7\u00e3o superior. Nesta edi\u00e7\u00e3o, 440,6 mil estudantes inscritos disputaram 167,7 mil bolsas em 1.061 institui\u00e7\u00f5es.<\/p>\n<p style=\"text-align: justify;\">Para concorrer \u00e0s bolsas integrais, o estudante deve comprovar renda familiar bruta mensal, por pessoa, de at\u00e9 1,5 sal\u00e1rio m\u00ednimo. Para as bolsas parciais (50%), a renda familiar bruta mensal deve ser de at\u00e9 tr\u00eas sal\u00e1rios m\u00ednimos por pessoa.<\/p>\n<p style=\"text-align: justify;\">Podem participar estudantes brasileiros que n\u00e3o possuam diploma de curso superior e que tenham participado do Exame Nacional do Ensino M\u00e9dio mais recente e obtido, no m\u00ednimo, 450 pontos de m\u00e9dia das notas. Al\u00e9m disso, o estudante n\u00e3o pode ter tirado zero na reda\u00e7\u00e3o.<\/p>\n<p style=\"text-align: justify;\"><em>Fonte: Canabrava FM<\/em><\/p>\n<p style=\"text-align: justify;\"><em>Com informa\u00e7\u00f5es: Agencia Brasil<\/em><\/p>\n","protected":false},"excerpt":{"rendered":"<p>O Minist\u00e9rio da Educa\u00e7\u00e3o divulgou nesta ter\u00e7a-feira (4) as listas dos estudantes pr\u00e9-selecionados na segunda chamada do Programa Universidade para Todos (Prouni). O resultado est\u00e1 dispon\u00edvel na\u00a0p\u00e1gina do Prouni. Voc\u00ea pode conferir se foi aprovado clicando\u00a0aqui. O prazo para comprova\u00e7\u00e3o das informa\u00e7\u00f5es tamb\u00e9m come\u00e7a hoje e vai at\u00e9 o pr\u00f3ximo dia 11.<\/p>\n","protected":false},"author":2,"featured_media":4670,"comment_status":"open","ping_status":"open","sticky":false,"template":"","format":"standard","meta":{"om_disable_all_campaigns":false,"_monsterinsights_skip_tracking":false,"_monsterinsights_sitenote_active":false,"_monsterinsights_sitenote_note":"","_monsterinsights_sitenote_category":0,"footnotes":""},"categories":[34,70,20,69],"tags":[93,140,1437,580],"class_list":["post-28089","post","type-post","status-publish","format-standard","has-post-thumbnail","hentry","category-brasil","category-destaques","category-educacao","category-noticias2","tag-brasil","tag-educacao","tag-mec","tag-prouni"],"aioseo_notices":[],"_links":{"self":[{"href":"https:\/\/www.portalalerta.com.br\/index.php\/wp-json\/wp\/v2\/posts\/28089","targetHints":{"allow":["GET"]}}],"collection":[{"href":"https:\/\/www.portalalerta.com.br\/index.php\/wp-json\/wp\/v2\/posts"}],"about":[{"href":"https:\/\/www.portalalerta.com.br\/index.php\/wp-json\/wp\/v2\/types\/post"}],"author":[{"embeddable":true,"href":"https:\/\/www.portalalerta.com.br\/index.php\/wp-json\/wp\/v2\/users\/2"}],"replies":[{"embeddable":true,"href":"https:\/\/www.portalalerta.com.br\/index.php\/wp-json\/wp\/v2\/comments?post=28089"}],"version-history":[{"count":1,"href":"https:\/\/www.portalalerta.com.br\/index.php\/wp-json\/wp\/v2\/posts\/28089\/revisions"}],"predecessor-version":[{"id":28090,"href":"https:\/\/www.portalalerta.com.br\/index.php\/wp-json\/wp\/v2\/posts\/28089\/revisions\/28090"}],"wp:featuredmedia":[{"embeddable":true,"href":"https:\/\/www.portalalerta.com.br\/index.php\/wp-json\/wp\/v2\/media\/4670"}],"wp:attachment":[{"href":"https:\/\/www.portalalerta.com.br\/index.php\/wp-json\/wp\/v2\/media?parent=28089"}],"wp:term":[{"taxonomy":"category","embeddable":true,"href":"https:\/\/www.portalalerta.com.br\/index.php\/wp-json\/wp\/v2\/categories?post=28089"},{"taxonomy":"post_tag","embeddable":true,"href":"https:\/\/www.portalalerta.com.br\/index.php\/wp-json\/wp\/v2\/tags?post=28089"}],"curies":[{"name":"wp","href":"https:\/\/api.w.org\/{rel}","templated":true}]}}