{"id":28091,"date":"2020-08-04T21:42:57","date_gmt":"2020-08-05T00:42:57","guid":{"rendered":"https:\/\/www.portalalerta.com.br\/?p=28091"},"modified":"2020-08-04T21:52:13","modified_gmt":"2020-08-05T00:52:13","slug":"pela-quinta-semana-consecutiva-ribeira-do-pombal-ba-registra-obito-por-covid-19-ja-sao-08-no-total","status":"publish","type":"post","link":"https:\/\/www.portalalerta.com.br\/index.php\/2020\/08\/04\/pela-quinta-semana-consecutiva-ribeira-do-pombal-ba-registra-obito-por-covid-19-ja-sao-08-no-total\/","title":{"rendered":"Pela quinta semana consecutiva, Ribeira do Pombal-BA registra \u00f3bito por Covid-19. J\u00e1 s\u00e3o 08 no total!"},"content":{"rendered":"<p style=\"text-align: justify;\">A Secretaria de Sa\u00fade de Ribeira do Pombal-BA divulgou nesta ter\u00e7a-feira, 04, uma nota confirmando o oitavo \u00f3bito por conta da Covid-19.<!--more--><\/p>\n<p style=\"text-align: justify;\"><img fetchpriority=\"high\" decoding=\"async\" class=\"size-thumbnail wp-image-9394 alignleft\" src=\"https:\/\/www.portalalerta.com.br\/wp-content\/uploads\/2018\/07\/05elab-320x240.jpg\" alt=\"\" width=\"320\" height=\"240\" srcset=\"https:\/\/www.portalalerta.com.br\/wp-content\/uploads\/2018\/07\/05elab-320x240.jpg 320w, https:\/\/www.portalalerta.com.br\/wp-content\/uploads\/2018\/07\/05elab-195x146.jpg 195w, https:\/\/www.portalalerta.com.br\/wp-content\/uploads\/2018\/07\/05elab-50x38.jpg 50w, https:\/\/www.portalalerta.com.br\/wp-content\/uploads\/2018\/07\/05elab-100x75.jpg 100w, https:\/\/www.portalalerta.com.br\/wp-content\/uploads\/2018\/07\/05elab.jpg 400w\" sizes=\"(max-width: 320px) 100vw, 320px\" \/>Segundo o documento, se trata de um paciente idoso de 75 anos de idade, hipertenso e diab\u00e9tico, que se encontrava internado no Hospital Geral Santa Tereza, onde foi submetido a uma coleta de material para exame RT-PCR, e foi regulado para uma Unidade de Refer\u00eancia do Estado. O mesmo evoluiu a \u00f3bito no \u00faltimo dia 02, por\u00e9m s\u00f3 teve a causa divulgada nesta ter\u00e7a-feira, 04.<\/p>\n<p style=\"text-align: justify;\">Al\u00e9m do \u00f3bito, o munic\u00edpio divulgou mais 15 infec\u00e7\u00f5es, e 10 curas, obtendo os seguintes dados gerais: 427 casos, sendo 61 ativos (14%), 358 curas (84%), e 08 mortes (2%).<\/p>\n<h2 style=\"text-align: justify;\">Mortes<\/h2>\n<p style=\"text-align: justify;\">Desde o in\u00edcio da pandemia em Ribeira do Pombal, fato registrado em 19 de abril, o munic\u00edpio j\u00e1 registrou oito mortes por causa da Covid-19, sendo sete deles registrados nas \u00faltimas cinco semanas. <a href=\"https:\/\/www.portalalerta.com.br\/index.php\/2020\/05\/01\/confirmado-covid-19-para-idoso-que-morreu-em-hospital-de-ribeira-do-pombal-ba1\/\"><strong>O primeiro \u00f3bito ocorreu no dia 29 de abril, por\u00e9m s\u00f3 foi confirmado no dia 1\u00ba de maio, mediante resultado de exame.<\/strong><\/a><\/p>\n<p style=\"text-align: justify;\">Ap\u00f3s o primeiro registro, Ribeira do Pombal permaneceu acumulando novos casos da doen\u00e7a, por\u00e9m passou um intervalo de 09 semanas sem \u00f3bitos.<\/p>\n<p style=\"text-align: justify;\"><a href=\"https:\/\/www.portalalerta.com.br\/index.php\/2020\/05\/26\/saiba-como-esta-a-evolucao-do-covid-19-em-ribeira-do-pombal-ba\/\"><strong style=\"font-style: inherit;\">Clique aqui e saiba como est\u00e1 a evolu\u00e7\u00e3o do Covid-19 em Ribeira do Pombal-BA<\/strong><\/a><\/p>\n<p style=\"text-align: justify;\"><em style=\"font-weight: inherit;\">Reda\u00e7\u00e3o: Portal Alerta<\/em><\/p>\n<p style=\"text-align: justify;\"><strong style=\"font-style: inherit;\"><em>#fiqueemcasa\u00a0\u00a0\u00a0\u00a0<\/em><\/strong><\/p>\n<p style=\"text-align: justify;\"><strong style=\"font-style: inherit;\"><em>#usemascaras<\/em><\/strong><\/p>\n","protected":false},"excerpt":{"rendered":"<p>A Secretaria de Sa\u00fade de Ribeira do Pombal-BA divulgou nesta ter\u00e7a-feira, 04, uma nota confirmando o oitavo \u00f3bito por conta da Covid-19.<\/p>\n","protected":false},"author":2,"featured_media":24445,"comment_status":"open","ping_status":"open","sticky":false,"template":"","format":"standard","meta":{"om_disable_all_campaigns":false,"_monsterinsights_skip_tracking":false,"_monsterinsights_sitenote_active":false,"_monsterinsights_sitenote_note":"","_monsterinsights_sitenote_category":0,"footnotes":""},"categories":[70,69,32,3,19],"tags":[3429,3486,439,47,61],"class_list":["post-28091","post","type-post","status-publish","format-standard","has-post-thumbnail","hentry","category-destaques","category-noticias2","category-regiao","category-ribeira-do-pombal","category-saude","tag-coronavirus","tag-covid-19","tag-mortes","tag-ribeira-do-pombal","tag-saude"],"aioseo_notices":[],"_links":{"self":[{"href":"https:\/\/www.portalalerta.com.br\/index.php\/wp-json\/wp\/v2\/posts\/28091","targetHints":{"allow":["GET"]}}],"collection":[{"href":"https:\/\/www.portalalerta.com.br\/index.php\/wp-json\/wp\/v2\/posts"}],"about":[{"href":"https:\/\/www.portalalerta.com.br\/index.php\/wp-json\/wp\/v2\/types\/post"}],"author":[{"embeddable":true,"href":"https:\/\/www.portalalerta.com.br\/index.php\/wp-json\/wp\/v2\/users\/2"}],"replies":[{"embeddable":true,"href":"https:\/\/www.portalalerta.com.br\/index.php\/wp-json\/wp\/v2\/comments?post=28091"}],"version-history":[{"count":2,"href":"https:\/\/www.portalalerta.com.br\/index.php\/wp-json\/wp\/v2\/posts\/28091\/revisions"}],"predecessor-version":[{"id":28093,"href":"https:\/\/www.portalalerta.com.br\/index.php\/wp-json\/wp\/v2\/posts\/28091\/revisions\/28093"}],"wp:featuredmedia":[{"embeddable":true,"href":"https:\/\/www.portalalerta.com.br\/index.php\/wp-json\/wp\/v2\/media\/24445"}],"wp:attachment":[{"href":"https:\/\/www.portalalerta.com.br\/index.php\/wp-json\/wp\/v2\/media?parent=28091"}],"wp:term":[{"taxonomy":"category","embeddable":true,"href":"https:\/\/www.portalalerta.com.br\/index.php\/wp-json\/wp\/v2\/categories?post=28091"},{"taxonomy":"post_tag","embeddable":true,"href":"https:\/\/www.portalalerta.com.br\/index.php\/wp-json\/wp\/v2\/tags?post=28091"}],"curies":[{"name":"wp","href":"https:\/\/api.w.org\/{rel}","templated":true}]}}