{"id":28094,"date":"2020-08-05T08:40:53","date_gmt":"2020-08-05T11:40:53","guid":{"rendered":"https:\/\/www.portalalerta.com.br\/?p=28094"},"modified":"2020-08-05T08:40:53","modified_gmt":"2020-08-05T11:40:53","slug":"mpf-aciona-pastor-valdemiro-na-justica-por-venda-de-feijoes-magicos-contra-covid","status":"publish","type":"post","link":"https:\/\/www.portalalerta.com.br\/index.php\/2020\/08\/05\/mpf-aciona-pastor-valdemiro-na-justica-por-venda-de-feijoes-magicos-contra-covid\/","title":{"rendered":"MPF aciona pastor Valdemiro na Justi\u00e7a por venda de feij\u00f5es m\u00e1gicos contra Covid"},"content":{"rendered":"<p style=\"text-align: justify;\">O Minist\u00e9rio P\u00fablico Federal (MPF) entrou nesta segunda-feira, 03, com uma a\u00e7\u00e3o civil p\u00fablica pedindo que o pastor evang\u00e9lico Valdemiro Santiago e a Igreja Mundial do Poder de Deus sejam condenados a pagar pelo menos R$ 300 mil a t\u00edtulo de indeniza\u00e7\u00e3o por danos sociais e\u00a0morais\u00a0coletivos em raz\u00e3o da veicula\u00e7\u00e3o de\u00a0v\u00eddeos sugerindo\u00a0o uso de sementes de feij\u00e3o com \u2018poderes de curar a Covid-19\u2019.<!--more--><\/p>\n<p style=\"text-align: justify;\">Nos registros, o l\u00edder religioso incita seus fi\u00e9is a plantarem as sementes, vendidas pela agremia\u00e7\u00e3o por R$ 100, R$ 500 e R$ 1 mil, e chega a dizer que um laudo m\u00e9dico comprovou a recupera\u00e7\u00e3o de um paciente em estado terminal ap\u00f3s contrair o novo coronav\u00edrus.<\/p>\n<p style=\"text-align: justify;\">A Procuradoria sustenta que o l\u00edder da Igreja Mundial do Poder de Deus incorreu em pr\u00e1tica abusiva da liberdade religiosa, ao colocar em riscos a sa\u00fade p\u00fablica e induzir fi\u00e9is a comprarem um produto sem efic\u00e1cia comprovada.<\/p>\n<p style=\"text-align: justify;\">\u201cA dignidade da prote\u00e7\u00e3o constitucional que tutela a liberdade religiosa n\u00e3o constitui apan\u00e1gio para a difus\u00e3o de manifesta\u00e7\u00f5es (ileg\u00edtimas) de lideran\u00e7as religiosas que coloquem em risco a sa\u00fade p\u00fablica, que explorem a boa-f\u00e9 das pessoas, com a gravidade adicional de que isso ocorre com a reprov\u00e1vel coopta\u00e7\u00e3o de ganhos financeiros, pois ancorados em falsa premissa terap\u00eautica, \u00e0s custas da afli\u00e7\u00e3o e do sofrimento que atinge a sociedade\u201d, ressaltaram os procuradores Pedro Machado e Lisiane Braecher.<\/p>\n<p style=\"text-align: justify;\"><img fetchpriority=\"high\" decoding=\"async\" class=\"size-thumbnail wp-image-4869 aligncenter\" src=\"https:\/\/www.portalalerta.com.br\/wp-content\/uploads\/2018\/02\/Auto-Escola-Nobre-720x181.jpg\" alt=\"\" width=\"720\" height=\"181\" srcset=\"https:\/\/www.portalalerta.com.br\/wp-content\/uploads\/2018\/02\/Auto-Escola-Nobre.jpg 720w, https:\/\/www.portalalerta.com.br\/wp-content\/uploads\/2018\/02\/Auto-Escola-Nobre-260x65.jpg 260w, https:\/\/www.portalalerta.com.br\/wp-content\/uploads\/2018\/02\/Auto-Escola-Nobre-50x13.jpg 50w, https:\/\/www.portalalerta.com.br\/wp-content\/uploads\/2018\/02\/Auto-Escola-Nobre-150x38.jpg 150w\" sizes=\"(max-width: 720px) 100vw, 720px\" \/>O Minist\u00e9rio da Sa\u00fade, representado pela Uni\u00e3o, tamb\u00e9m foi inclu\u00eddo na a\u00e7\u00e3o por ter\u00a0removido de seu site um alerta que desmentia a efic\u00e1cia dos an\u00fancios de Valdemiro. A publica\u00e7\u00e3o, inclu\u00edda em uma\u00a0lista de \u2018fake news\u2019 a respeito da covid-19, ap\u00f3s pedido do MPF,\u00a0ficou no ar durante poucos dias e foi removida sem explica\u00e7\u00f5es.\u00a0Os\u00a0procuradores pedem que a Justi\u00e7a Federal conceda uma liminar obrigando o Minist\u00e9rio da Sa\u00fade a republicar a mensagem e apontar\u00a0a autoridade que determinou a remo\u00e7\u00e3o do alerta.<\/p>\n<p style=\"text-align: justify;\">Por fim, a a\u00e7\u00e3o do MPF requer a concess\u00e3o de uma ordem judicial dirigida \u00e0 Google Brasil, respons\u00e1vel pelo YouTube, para que que a empresa seja obrigada a preservar a \u00edntegra dos v\u00eddeos, j\u00e1\u00a0removidos pela plataforma tamb\u00e9m a pedido do MPF,\u00a0e forne\u00e7a os dados cadastrais do usu\u00e1rio respons\u00e1vel pela publica\u00e7\u00e3o para inclus\u00e3o no processo.<\/p>\n<p style=\"text-align: justify;\">\u2018Feij\u00f5es m\u00e1gicos\u2019.\u00a0Nos v\u00eddeos publicados no YouTube, o pastor Valdemiro incentivava os fi\u00e9is a plantarem as sementes de feij\u00e3o vendidas pela pr\u00f3pria Igreja Mundial do Poder de Deus mediante \u2018prop\u00f3sitos\u2019 em dinheiro.<\/p>\n<p style=\"text-align: justify;\">No in\u00edcio do m\u00eas passado, a Procuradoria Federal acionou o Minist\u00e9rio P\u00fablico de S\u00e3o Paulo\u00a0pedindo a abertura de uma investiga\u00e7\u00e3o por suposto crime de estelionato\u00a0do pastor. De acordo com o documento, que deu origem \u00e0 a\u00e7\u00e3o apresentada ontem, \u2018o uso de influ\u00eancia religiosa e da m\u00edstica da religi\u00e3o para obter vantagem pessoal\u2019 fica claro nas grava\u00e7\u00f5es.<\/p>\n<p style=\"text-align: justify;\">Aliado de Bolsonaro, o pastor j\u00e1 participou de uma transmiss\u00e3o ao vivo do presidente no dia 12 de julho do ano passado \u2013 no mesmo dia, o l\u00edder religioso havia entregue of\u00edcio ao Itamaraty pedindo um passaporte diplom\u00e1tico.\u00a0Quase um m\u00eas depois, o governo autorizou a emiss\u00e3o do documento ao pastor e sua mulher, Francil\u00e9ia de Castro Gomes de Oliveira.<\/p>\n<p style=\"text-align: justify;\">Em maio, quando a Procuradoria Federal\u00a0encaminhou not\u00edcia-crime ao Minist\u00e9rio P\u00fablico de S\u00e3o Paulo pedindo investiga\u00e7\u00e3o do caso,\u00a0a Igreja Mundial do Poder de Deus afirmou\u00a0que\u00a0\u2018foi\u00a0amplamente esclarecido em todos os v\u00eddeos que toda cura vem de Deus e que a\u00a0semente \u00e9 uma figura de linguagem, amplamente mencionada nos textos b\u00edblicos, para\u00a0materializar o prop\u00f3sito com Deus\u2019. A igreja disse ainda que a\u00a0oferta pelas sementes \u00e9 \u2018espont\u00e2nea\u2019, \u2018dada de acordo com a condi\u00e7\u00e3o e manifesta\u00e7\u00e3o de vontade\u00a0de cada fiel, n\u00e3o tendo nenhuma correla\u00e7\u00e3o com o com\u00e9rcio de qualquer produto\u00a0e\/ou servi\u00e7o\u2019.<\/p>\n<p style=\"text-align: justify;\">A reportagem busca contato com o pastor Valdemiro a a Igreja Mundial do Poder de Deus.<\/p>\n<p style=\"text-align: justify;\">Quando o Minist\u00e9rio P\u00fablico Federal\u00a0encaminhou not\u00edcia-crime ao\u00a0Minist\u00e9rio P\u00fablico de S\u00e3o Paulo\u00a0pedindo investiga\u00e7\u00e3o por suposto crime de estelionato cometido pelo pastor\u00a0Valdemiro Santiago de Oliveira, a Igreja Mundial do Poder de Deus divulgou a seguinte nota:<\/p>\n<p style=\"text-align: justify;\">\u201cEm aten\u00e7\u00e3o \u00e0 sociedade, em virtude de not\u00edcias veiculadas nesta quinta-feira (07) de maio de 2020, sobre a \u201cvenda\u201d de semente com promessa de cura, a Igreja Mundial do Poder de Deus, vem esclarecer que:<\/p>\n<p style=\"text-align: justify;\">1) Diferentemente do divulgado pela impressa, a campanha do m\u00eas de maio \u201cs\u00ea tu uma ben\u00e7\u00e3o\u201d representado pela semente do feij\u00e3o, n\u00e3o se refere a venda de uma \u201cpromessa de cura\u201d, mas sim o in\u00edcio de um prop\u00f3sito com Deus, representado por um s\u00edmbolo b\u00edblico (a semente) que tem como princ\u00edpio o in\u00edcio de uma colheita conforme a vontade de Deus (Lucas 8:11-15 e 2 Corintios 9);<\/p>\n<p style=\"text-align: justify;\">2) Em rela\u00e7\u00e3o a promessa de cura vinculada diretamente a semente, tem-se que foi amplamente esclarecido em todos os v\u00eddeos que toda cura vem de Deus e que a semente \u00e9 uma figura de linguagem, amplamente mencionada nos textos b\u00edblicos, para materializar o prop\u00f3sito com Deus (Genesis 26);<\/p>\n<p style=\"text-align: justify;\">3) O valor da suposta venda divulgado, resta recha\u00e7ada veemente, haja vista ser a oferta espont\u00e2nea, a qual \u00e9 dada de acordo com a condi\u00e7\u00e3o e manifesta\u00e7\u00e3o de vontade de cada fiel, n\u00e3o tendo nenhuma correla\u00e7\u00e3o com o com\u00e9rcio de qualquer produto e\/ou servi\u00e7o.<\/p>\n<p style=\"text-align: justify;\">4) Esclarecemos, ainda, que nossa institui\u00e7\u00e3o, ao longo de todos esses anos tem o \u00fanico e exclusivo prop\u00f3sito de propaga\u00e7\u00e3o da f\u00e9 Crist\u00e3, onde todas as nossas atitudes se baseiam nos princ\u00edpios b\u00edblicos, na \u00e9tica e na legalidade.\u201d<\/p>\n<p style=\"text-align: justify;\">A reportagem encontrou em contato com o Minist\u00e9rio da Sa\u00fade e aguarda resposta. O espa\u00e7o est\u00e1 aberto a manifesta\u00e7\u00e3o.<\/p>\n<p style=\"text-align: justify;\"><em>Fonte: Canabrava FM<\/em><\/p>\n<p style=\"text-align: justify;\"><em>Com informa\u00e7\u00f5es: Agencia Brasil<\/em><\/p>\n","protected":false},"excerpt":{"rendered":"<p>O Minist\u00e9rio P\u00fablico Federal (MPF) entrou nesta segunda-feira, 03, com uma a\u00e7\u00e3o civil p\u00fablica pedindo que o pastor evang\u00e9lico Valdemiro Santiago e a Igreja Mundial do Poder de Deus sejam condenados a pagar pelo menos R$ 300 mil a t\u00edtulo de indeniza\u00e7\u00e3o por danos sociais e\u00a0morais\u00a0coletivos em raz\u00e3o da veicula\u00e7\u00e3o de\u00a0v\u00eddeos sugerindo\u00a0o uso de sementes &hellip;<\/p>\n","protected":false},"author":2,"featured_media":28095,"comment_status":"open","ping_status":"open","sticky":false,"template":"","format":"standard","meta":{"om_disable_all_campaigns":false,"_monsterinsights_skip_tracking":false,"_monsterinsights_sitenote_active":false,"_monsterinsights_sitenote_note":"","_monsterinsights_sitenote_category":0,"footnotes":""},"categories":[34,70,69,19],"tags":[93,3429,3486,61,3835],"class_list":["post-28094","post","type-post","status-publish","format-standard","has-post-thumbnail","hentry","category-brasil","category-destaques","category-noticias2","category-saude","tag-brasil","tag-coronavirus","tag-covid-19","tag-saude","tag-valdemiro-santiago"],"aioseo_notices":[],"_links":{"self":[{"href":"https:\/\/www.portalalerta.com.br\/index.php\/wp-json\/wp\/v2\/posts\/28094","targetHints":{"allow":["GET"]}}],"collection":[{"href":"https:\/\/www.portalalerta.com.br\/index.php\/wp-json\/wp\/v2\/posts"}],"about":[{"href":"https:\/\/www.portalalerta.com.br\/index.php\/wp-json\/wp\/v2\/types\/post"}],"author":[{"embeddable":true,"href":"https:\/\/www.portalalerta.com.br\/index.php\/wp-json\/wp\/v2\/users\/2"}],"replies":[{"embeddable":true,"href":"https:\/\/www.portalalerta.com.br\/index.php\/wp-json\/wp\/v2\/comments?post=28094"}],"version-history":[{"count":1,"href":"https:\/\/www.portalalerta.com.br\/index.php\/wp-json\/wp\/v2\/posts\/28094\/revisions"}],"predecessor-version":[{"id":28096,"href":"https:\/\/www.portalalerta.com.br\/index.php\/wp-json\/wp\/v2\/posts\/28094\/revisions\/28096"}],"wp:featuredmedia":[{"embeddable":true,"href":"https:\/\/www.portalalerta.com.br\/index.php\/wp-json\/wp\/v2\/media\/28095"}],"wp:attachment":[{"href":"https:\/\/www.portalalerta.com.br\/index.php\/wp-json\/wp\/v2\/media?parent=28094"}],"wp:term":[{"taxonomy":"category","embeddable":true,"href":"https:\/\/www.portalalerta.com.br\/index.php\/wp-json\/wp\/v2\/categories?post=28094"},{"taxonomy":"post_tag","embeddable":true,"href":"https:\/\/www.portalalerta.com.br\/index.php\/wp-json\/wp\/v2\/tags?post=28094"}],"curies":[{"name":"wp","href":"https:\/\/api.w.org\/{rel}","templated":true}]}}