{"id":28108,"date":"2020-08-05T23:14:12","date_gmt":"2020-08-06T02:14:12","guid":{"rendered":"https:\/\/www.portalalerta.com.br\/?p=28108"},"modified":"2020-08-05T23:36:32","modified_gmt":"2020-08-06T02:36:32","slug":"prefeitura-de-ribeira-do-pombal-ba-lanca-edital-de-concurso-publico-com-mais-de-100-vagas","status":"publish","type":"post","link":"https:\/\/www.portalalerta.com.br\/index.php\/2020\/08\/05\/prefeitura-de-ribeira-do-pombal-ba-lanca-edital-de-concurso-publico-com-mais-de-100-vagas\/","title":{"rendered":"Prefeitura de Ribeira do Pombal-BA lan\u00e7a edital de Concurso P\u00fablico, com mais de 100 vagas!"},"content":{"rendered":"<p style=\"text-align: justify;\">Foi publicado no Di\u00e1rio Oficial do Munic\u00edpio de Ribeira do Pombal-BA desta quarta-feira, 05, o Edital de Concurso P\u00fablico para Provimento de Vagas em Cargos de N\u00edvel Fundamental, M\u00e9dio, T\u00e9cnico e Superior.<!--more--><\/p>\n<p style=\"text-align: justify;\">As inscri\u00e7\u00f5es estar\u00e3o abertas de 00:00h do dia 06\/08\/2020 at\u00e9 as 23:59hs do dia 03\/09\/2020, exclusivamente pela Internet, no endere\u00e7o <strong><a href=\"http:\/\/www.ibecconquistas.com.br\">www.ibecconquistas.com.br<\/a><\/strong>. Os valores das inscri\u00e7\u00f5es s\u00e3o estabelecidos de acordo com o n\u00edvel de escolaridade em que cada cargo exige.<\/p>\n<p><img fetchpriority=\"high\" decoding=\"async\" class=\"aligncenter wp-image-28111 size-full\" src=\"https:\/\/www.portalalerta.com.br\/wp-content\/uploads\/2020\/08\/inscri\u00e7\u00e3o-de-concurso-p\u00fablico-de-Ribeira-do-Pombal.jpg\" alt=\"\" width=\"550\" height=\"100\" srcset=\"https:\/\/www.portalalerta.com.br\/wp-content\/uploads\/2020\/08\/inscri\u00e7\u00e3o-de-concurso-p\u00fablico-de-Ribeira-do-Pombal.jpg 550w, https:\/\/www.portalalerta.com.br\/wp-content\/uploads\/2020\/08\/inscri\u00e7\u00e3o-de-concurso-p\u00fablico-de-Ribeira-do-Pombal-260x47.jpg 260w, https:\/\/www.portalalerta.com.br\/wp-content\/uploads\/2020\/08\/inscri\u00e7\u00e3o-de-concurso-p\u00fablico-de-Ribeira-do-Pombal-50x9.jpg 50w, https:\/\/www.portalalerta.com.br\/wp-content\/uploads\/2020\/08\/inscri\u00e7\u00e3o-de-concurso-p\u00fablico-de-Ribeira-do-Pombal-150x27.jpg 150w\" sizes=\"(max-width: 550px) 100vw, 550px\" \/><\/p>\n<p style=\"text-align: justify;\"><img decoding=\"async\" class=\"size-thumbnail wp-image-9394 alignleft\" src=\"https:\/\/www.portalalerta.com.br\/wp-content\/uploads\/2018\/07\/05elab-320x240.jpg\" alt=\"\" width=\"320\" height=\"240\" srcset=\"https:\/\/www.portalalerta.com.br\/wp-content\/uploads\/2018\/07\/05elab-320x240.jpg 320w, https:\/\/www.portalalerta.com.br\/wp-content\/uploads\/2018\/07\/05elab-195x146.jpg 195w, https:\/\/www.portalalerta.com.br\/wp-content\/uploads\/2018\/07\/05elab-50x38.jpg 50w, https:\/\/www.portalalerta.com.br\/wp-content\/uploads\/2018\/07\/05elab-100x75.jpg 100w, https:\/\/www.portalalerta.com.br\/wp-content\/uploads\/2018\/07\/05elab.jpg 400w\" sizes=\"(max-width: 320px) 100vw, 320px\" \/>As provas objetivas que ter\u00e3o dura\u00e7\u00e3o de tr\u00eas horas, est\u00e3o previstas para acontecerem no dia 13 de dezembro do corrente ano, em locais e turno a serem definidos.<\/p>\n<p style=\"text-align: justify;\">Ao todo ser\u00e3o ofertadas 119 vagas, divididas entre 25 cargos, sendo eles: <strong>Psic\u00f3logo, Assistente Social, Auditor Fiscal, Auxiliar de Servi\u00e7os Educacionais, Assistente de Recursos Humanos, Coordenador Pedag\u00f3gico, Educador F\u00edsico, Farmac\u00eautico\/ Bioqu\u00edmico, Fiscal de Meio Ambiente, Fiscal de Postura, Engenheiro, Fisioterapeuta, M\u00e9dico PSF, Nutricionista, Odont\u00f3logo, T\u00e9cnico em Enfermagem, Professor de Matem\u00e1tica, Professor de Portugu\u00eas, Professor de Hist\u00f3ria, Professor de Geografia, Professor de Ci\u00eancias, Professor de Ingl\u00eas, Advogado Municipal, Motorista Categoria D, e Operador de M\u00e1quinas Pesadas<\/strong>.<\/p>\n<h2 style=\"text-align: justify;\">Concurso Cancelado<\/h2>\n<p style=\"text-align: justify;\">O Concurso P\u00fablico de Ribeira do Pombal-BA estava previsto para acontecer em 2019, per\u00edodo em que a maioria das etapas do processo seletivo foram preenchidas, por\u00e9m a <a href=\"https:\/\/www.portalalerta.com.br\/index.php\/2019\/11\/29\/urgente-justica-volta-a-suspender-concurso-publico-de-ribeira-do-pombal-ba\/\"><strong>aplica\u00e7\u00e3o das provas foi suspensa pela justi\u00e7a local, no dia 29 de novembro, v\u00e9spera do dia da prova, que seria aplicada em 1\u00ba de dezembro<\/strong><\/a>.<\/p>\n<p style=\"text-align: justify;\">A partir de ent\u00e3o, o <a href=\"https:\/\/www.portalalerta.com.br\/index.php\/2019\/12\/04\/prefeito-ricardo-maia-anuncia-cancelamento-de-concurso-publico-em-ribeira-do-pombal-ba-edital-devera-ser-lancado-num-prazo-de-30-dias\/\"><strong>prefeito Ricardo Maia decidiu pelo cancelamento do Certame, com op\u00e7\u00f5es de ressarcimento do valor pago, ou VOUCHER (Comprovante)<\/strong><\/a>. Para quem decidiu pela segunda op\u00e7\u00e3o, dever\u00e3o acessar o endere\u00e7o \u00a0<strong><a href=\"http:\/\/www.ibecconquistas.com.br\">www.ibecconquistas.com.br<\/a><\/strong> e fazer o login na \u00e1rea do candidato. J\u00e1 os que ainda n\u00e3o decidiram por nenhuma das op\u00e7\u00f5es, e desejarem pelo VOUCHER, dever\u00e3o acessar o site \u00a0<strong><a href=\"http:\/\/concursos.ibcconquistas.com.br\/informacoes\/29\">http:\/\/concursos.ibcconquistas.com.br\/informacoes\/29<\/a><\/strong>, e clicar no link <strong>SOLICITE AQUI O SEU VOUCHER<\/strong>.<\/p>\n<p style=\"text-align: justify;\"><a href=\"http:\/\/doem.org.br\/ba\/ribeiradopombal\/diarios\/previsualizar\/8wVwbgj6?filename=DOE-ba_ribeiradopombal-ed.1.321-ano.8.pdf&amp;_cb=20200805164115\"><strong>Clique aqui e confira o edital na \u00edntegra!<\/strong><\/a><\/p>\n<p style=\"text-align: justify;\"><em>Reda\u00e7\u00e3o: Portal Alerta<\/em><\/p>\n<p style=\"text-align: justify;\"><strong><em>#fiqueemcasa<\/em><\/strong><\/p>\n<p style=\"text-align: justify;\"><strong><em>#usemascaras<\/em><\/strong><\/p>\n","protected":false},"excerpt":{"rendered":"<p>Foi publicado no Di\u00e1rio Oficial do Munic\u00edpio de Ribeira do Pombal-BA desta quarta-feira, 05, o Edital de Concurso P\u00fablico para Provimento de Vagas em Cargos de N\u00edvel Fundamental, M\u00e9dio, T\u00e9cnico e Superior.<\/p>\n","protected":false},"author":2,"featured_media":20297,"comment_status":"open","ping_status":"open","sticky":false,"template":"","format":"standard","meta":{"om_disable_all_campaigns":false,"_monsterinsights_skip_tracking":false,"_monsterinsights_sitenote_active":false,"_monsterinsights_sitenote_note":"","_monsterinsights_sitenote_category":0,"footnotes":""},"categories":[70,69,32,3],"tags":[3034,465,145,47],"class_list":["post-28108","post","type-post","status-publish","format-standard","has-post-thumbnail","hentry","category-destaques","category-noticias2","category-regiao","category-ribeira-do-pombal","tag-concurso-publico","tag-edital","tag-prefeitura","tag-ribeira-do-pombal"],"aioseo_notices":[],"_links":{"self":[{"href":"https:\/\/www.portalalerta.com.br\/index.php\/wp-json\/wp\/v2\/posts\/28108","targetHints":{"allow":["GET"]}}],"collection":[{"href":"https:\/\/www.portalalerta.com.br\/index.php\/wp-json\/wp\/v2\/posts"}],"about":[{"href":"https:\/\/www.portalalerta.com.br\/index.php\/wp-json\/wp\/v2\/types\/post"}],"author":[{"embeddable":true,"href":"https:\/\/www.portalalerta.com.br\/index.php\/wp-json\/wp\/v2\/users\/2"}],"replies":[{"embeddable":true,"href":"https:\/\/www.portalalerta.com.br\/index.php\/wp-json\/wp\/v2\/comments?post=28108"}],"version-history":[{"count":3,"href":"https:\/\/www.portalalerta.com.br\/index.php\/wp-json\/wp\/v2\/posts\/28108\/revisions"}],"predecessor-version":[{"id":28112,"href":"https:\/\/www.portalalerta.com.br\/index.php\/wp-json\/wp\/v2\/posts\/28108\/revisions\/28112"}],"wp:featuredmedia":[{"embeddable":true,"href":"https:\/\/www.portalalerta.com.br\/index.php\/wp-json\/wp\/v2\/media\/20297"}],"wp:attachment":[{"href":"https:\/\/www.portalalerta.com.br\/index.php\/wp-json\/wp\/v2\/media?parent=28108"}],"wp:term":[{"taxonomy":"category","embeddable":true,"href":"https:\/\/www.portalalerta.com.br\/index.php\/wp-json\/wp\/v2\/categories?post=28108"},{"taxonomy":"post_tag","embeddable":true,"href":"https:\/\/www.portalalerta.com.br\/index.php\/wp-json\/wp\/v2\/tags?post=28108"}],"curies":[{"name":"wp","href":"https:\/\/api.w.org\/{rel}","templated":true}]}}