{"id":2811,"date":"2017-11-25T02:42:37","date_gmt":"2017-11-25T04:42:37","guid":{"rendered":"http:\/\/www.portalalerta.com.br\/?p=2811"},"modified":"2017-12-15T20:31:46","modified_gmt":"2017-12-15T22:31:46","slug":"moro-converte-prisao-temporaria-de-ex-gerente-da-transpetro-em-preventiva","status":"publish","type":"post","link":"https:\/\/www.portalalerta.com.br\/index.php\/2017\/11\/25\/moro-converte-prisao-temporaria-de-ex-gerente-da-transpetro-em-preventiva\/","title":{"rendered":"Moro converte pris\u00e3o tempor\u00e1ria de ex-gerente da Transpetro em preventiva"},"content":{"rendered":"<h2>Magistrado disse que medida deveria ser adotada pelos \u201criscos \u00e0 ordem p\u00fablica\u201d e \u201cpela gravidade concreta dos crimes\u201d.<\/h2>\n<p>O juiz federal S\u00e9rgio Moro, respons\u00e1vel pelo processo da Lava Jato na primeira inst\u00e2ncia, converteu a pris\u00e3o tempor\u00e1ria do ex-gerente da Transpetro,\u00a0<a href=\"http:\/\/bahia.ba\/politica\/preso-pela-lava-jato-ex-transpetro-era-bom-profissional-diz-petista\/\">Jos\u00e9 Ant\u00f4nio de Jesus<\/a>, em preventiva, nesta sexta-feira (24).<\/p>\n<p>Em sua decis\u00e3o, o magistrado alegou que medida deveria ser adotada pelos \u201criscos \u00e0 ordem p\u00fablica\u201d e \u201cpela gravidade concreta dos crimes e tamb\u00e9m pelo risco de reitera\u00e7\u00e3o de condutas de oculta\u00e7\u00e3o e dissimula\u00e7\u00e3o, e \u00e0 aplica\u00e7\u00e3o da lei penal, pelo risco de dissipa\u00e7\u00e3o do produto do crime e de fuga, for\u00e7oso reconhecer a presen\u00e7a dos fundamentos da pris\u00e3o preventiva\u201d.<\/p>\n<p>\u201cInvi\u00e1vel, por outro lado, substituir a pris\u00e3o preventiva por medidas cautelares alternativas, uma vez que os crimes foram praticados subrepticiamente, inclusive a lavagem, e n\u00e3o h\u00e1 como prevenir novos atos de lavagem e de dissipa\u00e7\u00e3o de ativos com medidas cautelares alternativas, especialmente quando desconhecido o local onde se encontram os ativos dissipados\u201d,\u00a0acrescentou.<\/p>\n<p>&nbsp;<\/p>\n<p><em>Fonte:\u00a0bahia.ba<\/em><\/p>\n","protected":false},"excerpt":{"rendered":"<p>Magistrado disse que medida deveria ser adotada pelos \u201criscos \u00e0 ordem p\u00fablica\u201d e \u201cpela gravidade concreta dos crimes\u201d. O juiz federal S\u00e9rgio Moro, respons\u00e1vel pelo processo da Lava Jato na primeira inst\u00e2ncia, converteu a pris\u00e3o tempor\u00e1ria do ex-gerente da Transpetro,\u00a0Jos\u00e9 Ant\u00f4nio de Jesus, em preventiva, nesta sexta-feira (24). Em sua decis\u00e3o, o magistrado alegou que &hellip;<\/p>\n","protected":false},"author":1,"featured_media":2812,"comment_status":"closed","ping_status":"closed","sticky":false,"template":"","format":"standard","meta":{"om_disable_all_campaigns":false,"_monsterinsights_skip_tracking":false,"_monsterinsights_sitenote_active":false,"_monsterinsights_sitenote_note":"","_monsterinsights_sitenote_category":0,"footnotes":""},"categories":[70,21],"tags":[],"class_list":["post-2811","post","type-post","status-publish","format-standard","has-post-thumbnail","hentry","category-destaques","category-politica"],"aioseo_notices":[],"_links":{"self":[{"href":"https:\/\/www.portalalerta.com.br\/index.php\/wp-json\/wp\/v2\/posts\/2811","targetHints":{"allow":["GET"]}}],"collection":[{"href":"https:\/\/www.portalalerta.com.br\/index.php\/wp-json\/wp\/v2\/posts"}],"about":[{"href":"https:\/\/www.portalalerta.com.br\/index.php\/wp-json\/wp\/v2\/types\/post"}],"author":[{"embeddable":true,"href":"https:\/\/www.portalalerta.com.br\/index.php\/wp-json\/wp\/v2\/users\/1"}],"replies":[{"embeddable":true,"href":"https:\/\/www.portalalerta.com.br\/index.php\/wp-json\/wp\/v2\/comments?post=2811"}],"version-history":[{"count":0,"href":"https:\/\/www.portalalerta.com.br\/index.php\/wp-json\/wp\/v2\/posts\/2811\/revisions"}],"wp:featuredmedia":[{"embeddable":true,"href":"https:\/\/www.portalalerta.com.br\/index.php\/wp-json\/wp\/v2\/media\/2812"}],"wp:attachment":[{"href":"https:\/\/www.portalalerta.com.br\/index.php\/wp-json\/wp\/v2\/media?parent=2811"}],"wp:term":[{"taxonomy":"category","embeddable":true,"href":"https:\/\/www.portalalerta.com.br\/index.php\/wp-json\/wp\/v2\/categories?post=2811"},{"taxonomy":"post_tag","embeddable":true,"href":"https:\/\/www.portalalerta.com.br\/index.php\/wp-json\/wp\/v2\/tags?post=2811"}],"curies":[{"name":"wp","href":"https:\/\/api.w.org\/{rel}","templated":true}]}}