{"id":28122,"date":"2020-08-06T16:18:36","date_gmt":"2020-08-06T19:18:36","guid":{"rendered":"https:\/\/www.portalalerta.com.br\/?p=28122"},"modified":"2020-08-06T16:18:36","modified_gmt":"2020-08-06T19:18:36","slug":"camara-de-cicero-dantas-ba-aprova-nota-de-repudio-a-humorista-que-gravou-video-na-cidade","status":"publish","type":"post","link":"https:\/\/www.portalalerta.com.br\/index.php\/2020\/08\/06\/camara-de-cicero-dantas-ba-aprova-nota-de-repudio-a-humorista-que-gravou-video-na-cidade\/","title":{"rendered":"C\u00e2mara de C\u00edcero Dantas-BA aprova nota de rep\u00fadio a humorista que gravou v\u00eddeo na cidade"},"content":{"rendered":"<p style=\"text-align: justify;\">Por seis votos favor\u00e1veis, dois contr\u00e1rios e uma absten\u00e7\u00e3o, a C\u00e2mara Municipal de C\u00edcero Dantas (BA) aprovou uma nota de rep\u00fadio ao humorista Gabriel Bandarra, que esteve na cidade, nos \u00faltimos dias, interpretando o papel do \u2018Rep\u00f3rter Ten\u00f3bio\u2019.<!--more--><\/p>\n<p style=\"text-align: justify;\">Na oportunidade, o humorista fez diversas cr\u00edticas ir\u00f4nicas \u00e0s condi\u00e7\u00f5es de infraestrutura do munic\u00edpio, divulgando imagens de lama na entrada do Hospital Luiz Eduardo Magalh\u00e3es, da presen\u00e7a de urubus em vias p\u00fablicas e de ruas enlameadas.<\/p>\n<p style=\"text-align: justify;\">Presidente da C\u00e2mara de C\u00edcero Dantas (BA), Abelardo J\u00fanior disse que foi procurado por vereadores que manifestaram o interesse de apresentar uma nota de rep\u00fadio \u00e0 atua\u00e7\u00e3o do humorista na cidade, que foi considerada desrespeitosa e de m\u00e1-f\u00e9 aos mun\u00edcipes, segundo esses parlamentares.<\/p>\n<p style=\"text-align: justify;\">De acordo com a nota, o v\u00eddeo que divulgado nas redes sociais \u201cn\u00e3o cont\u00e9m qualquer verdade nas alega\u00e7\u00f5es expostas e \u00e9 baseado apenas em fatos passados, distorcidos e at\u00e9 mesmo em calamidade de outros munic\u00edpios\u201d. Ainda segundo o documento, a conduta de Gabriel Bandarra n\u00e3o foi profissional e em nenhum momento, ele \u201cprocurou os representantes leg\u00edtimos da nossa cidade a fim de esclarecer o que realmente est\u00e1 ocorrendo em C\u00edcero Dantas, para que fossem ao menos expostas as duas vers\u00f5es da situa\u00e7\u00e3o.\u201d<\/p>\n<div data-mvc-banner=\"leaderboard\"><\/div>\n<p><script type=\"text\/javascript\"> (function(storeName) { var b = document.createElement('script'); b.type = 'text\/javascript'; b.async = true; b.src = 'https:\/\/www.magazinevoce.com.br\/js\/banner.js?store='+ storeName; var s = document.getElementsByTagName('script')[0]; s.parentNode.insertBefore(b, s); })('Nvscosta'); <\/script><\/p>\n<p style=\"text-align: justify;\">Para o vereador Carlinhos, l\u00edder da bancada de situa\u00e7\u00e3o, a atua\u00e7\u00e3o do humorista foi mal intencionada. \u201cEle vem para c\u00e1, procurando as coisas ruins para mostrar. Se ele \u00e9 um rep\u00f3rter de gabarito e de respeito, ele mostrava C\u00edcero Dantas por inteiro, o que tem de bonito e o que tem de ruim, para criticar o prefeito, e n\u00f3s ir\u00edamos aplaudir ele, porque ele mostrou C\u00edcero Dantas. Ele saiu procurando pontos negativos\u201d, declarou o parlamentar.<\/p>\n<p style=\"text-align: justify;\">J\u00e1 Eug\u00eania de Evangelista, da bancada de oposi\u00e7\u00e3o, a nota de rep\u00fadio se contrap\u00f5e a um direito expresso na Constitui\u00e7\u00e3o Federal, que \u00e9 a liberdade de express\u00e3o, \u201cTanto como vereadora, que faz parte da elabora\u00e7\u00e3o de projetos, como conhecedora do Direito, eu n\u00e3o posso votar em uma mo\u00e7\u00e3o que vai diretamente contra a Constitui\u00e7\u00e3o, que diz que \u00e9 um direito fundamental a liberdade de imprensa, que \u00e9 o que concretiza o nosso Estado Democr\u00e1tico de Direito\u201d, opinou a vereadora.<\/p>\n<p style=\"text-align: justify;\">Ao final da sess\u00e3o, o presidente da casa legislativa abriu vota\u00e7\u00e3o para a nota de rep\u00fadio e a ela votaram favor\u00e1veis os vereadores Carlinhos, M\u00e1rcio Amaral, Hery da Bet\u00e2nia, Rog\u00e9rio, Z\u00e9 Domingos e o pr\u00f3prio Abelardo J\u00fanior. Por outro lado, Nen\u00ea de Nedito e Eug\u00eania apresentaram voto contr\u00e1rio e Aderian se absteve, o que resultou na aprova\u00e7\u00e3o do documento. A sess\u00e3o ordin\u00e1ria, que foi a primeira do oitavo per\u00edodo legislativo, contou com a participa\u00e7\u00e3o do prefeito Ricardo Almeida, que inclusive criticou o v\u00eddeo, durante sua participa\u00e7\u00e3o.<\/p>\n<p style=\"text-align: justify;\"><em>Fonte: Sert\u00e3o em Pauta<\/em><strong> \u00a0\u00a0\u00a0\u00a0\u00a0\u00a0\u00a0 <\/strong><\/p>\n","protected":false},"excerpt":{"rendered":"<p>Por seis votos favor\u00e1veis, dois contr\u00e1rios e uma absten\u00e7\u00e3o, a C\u00e2mara Municipal de C\u00edcero Dantas (BA) aprovou uma nota de rep\u00fadio ao humorista Gabriel Bandarra, que esteve na cidade, nos \u00faltimos dias, interpretando o papel do \u2018Rep\u00f3rter Ten\u00f3bio\u2019.<\/p>\n","protected":false},"author":2,"featured_media":28123,"comment_status":"open","ping_status":"open","sticky":false,"template":"","format":"standard","meta":{"om_disable_all_campaigns":false,"_monsterinsights_skip_tracking":false,"_monsterinsights_sitenote_active":false,"_monsterinsights_sitenote_note":"","_monsterinsights_sitenote_category":0,"footnotes":""},"categories":[4,70,69,21,32],"tags":[211,75,199,135],"class_list":["post-28122","post","type-post","status-publish","format-standard","has-post-thumbnail","hentry","category-cicero-dantas","category-destaques","category-noticias2","category-politica","category-regiao","tag-camara-de-vereadores","tag-cicero-dantas","tag-politica","tag-vereadores"],"aioseo_notices":[],"_links":{"self":[{"href":"https:\/\/www.portalalerta.com.br\/index.php\/wp-json\/wp\/v2\/posts\/28122","targetHints":{"allow":["GET"]}}],"collection":[{"href":"https:\/\/www.portalalerta.com.br\/index.php\/wp-json\/wp\/v2\/posts"}],"about":[{"href":"https:\/\/www.portalalerta.com.br\/index.php\/wp-json\/wp\/v2\/types\/post"}],"author":[{"embeddable":true,"href":"https:\/\/www.portalalerta.com.br\/index.php\/wp-json\/wp\/v2\/users\/2"}],"replies":[{"embeddable":true,"href":"https:\/\/www.portalalerta.com.br\/index.php\/wp-json\/wp\/v2\/comments?post=28122"}],"version-history":[{"count":1,"href":"https:\/\/www.portalalerta.com.br\/index.php\/wp-json\/wp\/v2\/posts\/28122\/revisions"}],"predecessor-version":[{"id":28124,"href":"https:\/\/www.portalalerta.com.br\/index.php\/wp-json\/wp\/v2\/posts\/28122\/revisions\/28124"}],"wp:featuredmedia":[{"embeddable":true,"href":"https:\/\/www.portalalerta.com.br\/index.php\/wp-json\/wp\/v2\/media\/28123"}],"wp:attachment":[{"href":"https:\/\/www.portalalerta.com.br\/index.php\/wp-json\/wp\/v2\/media?parent=28122"}],"wp:term":[{"taxonomy":"category","embeddable":true,"href":"https:\/\/www.portalalerta.com.br\/index.php\/wp-json\/wp\/v2\/categories?post=28122"},{"taxonomy":"post_tag","embeddable":true,"href":"https:\/\/www.portalalerta.com.br\/index.php\/wp-json\/wp\/v2\/tags?post=28122"}],"curies":[{"name":"wp","href":"https:\/\/api.w.org\/{rel}","templated":true}]}}