{"id":28133,"date":"2020-08-07T12:26:21","date_gmt":"2020-08-07T15:26:21","guid":{"rendered":"https:\/\/www.portalalerta.com.br\/?p=28133"},"modified":"2020-08-07T12:26:21","modified_gmt":"2020-08-07T15:26:21","slug":"euclides-da-cunha-ba-homem-e-preso-ao-ser-flagrado-com-drogas-e-arma-de-fogo-em-restaurante","status":"publish","type":"post","link":"https:\/\/www.portalalerta.com.br\/index.php\/2020\/08\/07\/euclides-da-cunha-ba-homem-e-preso-ao-ser-flagrado-com-drogas-e-arma-de-fogo-em-restaurante\/","title":{"rendered":"Euclides da Cunha-BA: Homem \u00e9 preso ao ser flagrado com drogas e arma de fogo, em Restaurante"},"content":{"rendered":"<p style=\"text-align: justify;\">Uma a\u00e7\u00e3o conjunta envolvendo investigadores da Pol\u00edcia Civil, e agentes do Departamento de Per\u00edcia T\u00e9cnica de Euclides da Cunha-BA acarretou na pris\u00e3o de um homem identificado pelas iniciais J.P.G.<!--more--><\/p>\n<p style=\"text-align: justify;\"><img fetchpriority=\"high\" decoding=\"async\" class=\"size-thumbnail wp-image-27904 aligncenter\" src=\"https:\/\/www.portalalerta.com.br\/wp-content\/uploads\/2020\/08\/Real-dia-dos-pais-720x92.jpg\" alt=\"\" width=\"720\" height=\"92\" \/>A a\u00e7\u00e3o ocorreu durante a execu\u00e7\u00e3o do Mandado de Busca e Apreens\u00e3o expedido pela Comarca local, fato ocorrido num restaurante situado \u00e0s margens da BR 116, mais precisamente no quil\u00f4metro 195. No interior do estabelecimento foram encontrados: 01 arma de fogo, tipo garrucha, cal. 32; 04 muni\u00e7\u00f5es cal. 32, sendo duas intactas e duas deflagradas; 01 muni\u00e7\u00e3o cal. 38, deflagrada; 03 muni\u00e7\u00f5es cal. 12, deflagradas; 01 coldre; sacos pl\u00e1sticos utilizados para acondicionar drogas; 31 comprimidos Nob\u00e9sio extra forte (Arrebite), 01 pino vazio utilizado para acondicionar coca\u00edna; 02 p\u00e9s de Cannabis Sativa (Maconha); e 01 trouxinha de maconha.<\/p>\n<p style=\"text-align: justify;\"><img decoding=\"async\" class=\"aligncenter wp-image-28135 size-full\" src=\"https:\/\/www.portalalerta.com.br\/wp-content\/uploads\/2020\/08\/tr\u00e1fico-de-drogas-em-Euclides-da-Cunha-2020.8.jpg\" alt=\"\" width=\"720\" height=\"400\" srcset=\"https:\/\/www.portalalerta.com.br\/wp-content\/uploads\/2020\/08\/tr\u00e1fico-de-drogas-em-Euclides-da-Cunha-2020.8.jpg 720w, https:\/\/www.portalalerta.com.br\/wp-content\/uploads\/2020\/08\/tr\u00e1fico-de-drogas-em-Euclides-da-Cunha-2020.8-432x240.jpg 432w, https:\/\/www.portalalerta.com.br\/wp-content\/uploads\/2020\/08\/tr\u00e1fico-de-drogas-em-Euclides-da-Cunha-2020.8-260x144.jpg 260w, https:\/\/www.portalalerta.com.br\/wp-content\/uploads\/2020\/08\/tr\u00e1fico-de-drogas-em-Euclides-da-Cunha-2020.8-50x28.jpg 50w, https:\/\/www.portalalerta.com.br\/wp-content\/uploads\/2020\/08\/tr\u00e1fico-de-drogas-em-Euclides-da-Cunha-2020.8-135x75.jpg 135w\" sizes=\"(max-width: 720px) 100vw, 720px\" \/>Todo o material, bem como o homem que estava no local, foi conduzido para o Complexo Policial onde foi lavrado o flagrante.<\/p>\n<p style=\"text-align: justify;\"><em>Reda\u00e7\u00e3o: Portal Alerta<\/em><\/p>\n<p style=\"text-align: justify;\"><strong><em>#fiqueemcasa<\/em><\/strong><\/p>\n<p style=\"text-align: justify;\"><strong><em>#usemascaras<\/em><\/strong><\/p>\n","protected":false},"excerpt":{"rendered":"<p>Uma a\u00e7\u00e3o conjunta envolvendo investigadores da Pol\u00edcia Civil, e agentes do Departamento de Per\u00edcia T\u00e9cnica de Euclides da Cunha-BA acarretou na pris\u00e3o de um homem identificado pelas iniciais J.P.G.<\/p>\n","protected":false},"author":2,"featured_media":28134,"comment_status":"open","ping_status":"open","sticky":false,"template":"","format":"standard","meta":{"om_disable_all_campaigns":false,"_monsterinsights_skip_tracking":false,"_monsterinsights_sitenote_active":false,"_monsterinsights_sitenote_note":"","_monsterinsights_sitenote_category":0,"footnotes":""},"categories":[70,17,69,32,22],"tags":[100,71,48,49,75,45,46,276,129,107,44,132,230,175,3828,106,203,120,51,122,1769,77,109,88,47,111,76,190],"class_list":["post-28133","post","type-post","status-publish","format-standard","has-post-thumbnail","hentry","category-destaques","category-euclides-da-cunha","category-noticias2","category-regiao","category-seguranca","tag-adustina","tag-antas","tag-araci","tag-banzae","tag-cicero-dantas","tag-cipo","tag-crisopolis","tag-dpt","tag-euclides-da-cunha","tag-fatima","tag-heliopolis","tag-itapicuru","tag-jeremoabo","tag-mandado-de-busca-e-apreensao","tag-noticias","tag-nova-soure","tag-novo-triunfo","tag-olindina","tag-paripiranga","tag-policia-civil","tag-posse-de-arma-de-fogo","tag-preso","tag-quijingue","tag-ribeira-do-amparo","tag-ribeira-do-pombal","tag-sitio-do-quinto","tag-trafico-de-drogas","tag-tucano"],"aioseo_notices":[],"_links":{"self":[{"href":"https:\/\/www.portalalerta.com.br\/index.php\/wp-json\/wp\/v2\/posts\/28133","targetHints":{"allow":["GET"]}}],"collection":[{"href":"https:\/\/www.portalalerta.com.br\/index.php\/wp-json\/wp\/v2\/posts"}],"about":[{"href":"https:\/\/www.portalalerta.com.br\/index.php\/wp-json\/wp\/v2\/types\/post"}],"author":[{"embeddable":true,"href":"https:\/\/www.portalalerta.com.br\/index.php\/wp-json\/wp\/v2\/users\/2"}],"replies":[{"embeddable":true,"href":"https:\/\/www.portalalerta.com.br\/index.php\/wp-json\/wp\/v2\/comments?post=28133"}],"version-history":[{"count":1,"href":"https:\/\/www.portalalerta.com.br\/index.php\/wp-json\/wp\/v2\/posts\/28133\/revisions"}],"predecessor-version":[{"id":28136,"href":"https:\/\/www.portalalerta.com.br\/index.php\/wp-json\/wp\/v2\/posts\/28133\/revisions\/28136"}],"wp:featuredmedia":[{"embeddable":true,"href":"https:\/\/www.portalalerta.com.br\/index.php\/wp-json\/wp\/v2\/media\/28134"}],"wp:attachment":[{"href":"https:\/\/www.portalalerta.com.br\/index.php\/wp-json\/wp\/v2\/media?parent=28133"}],"wp:term":[{"taxonomy":"category","embeddable":true,"href":"https:\/\/www.portalalerta.com.br\/index.php\/wp-json\/wp\/v2\/categories?post=28133"},{"taxonomy":"post_tag","embeddable":true,"href":"https:\/\/www.portalalerta.com.br\/index.php\/wp-json\/wp\/v2\/tags?post=28133"}],"curies":[{"name":"wp","href":"https:\/\/api.w.org\/{rel}","templated":true}]}}