{"id":28137,"date":"2020-08-07T14:41:52","date_gmt":"2020-08-07T17:41:52","guid":{"rendered":"https:\/\/www.portalalerta.com.br\/?p=28137"},"modified":"2020-08-07T15:00:50","modified_gmt":"2020-08-07T18:00:50","slug":"ex-prefeito-de-ribeira-do-pombal-ba-ze-grilo-recorre-a-justica-para-anular-rejeicao-de-contas","status":"publish","type":"post","link":"https:\/\/www.portalalerta.com.br\/index.php\/2020\/08\/07\/ex-prefeito-de-ribeira-do-pombal-ba-ze-grilo-recorre-a-justica-para-anular-rejeicao-de-contas\/","title":{"rendered":"Ex-prefeito de Ribeira do Pombal-BA, Z\u00e9 Grilo recorre \u00e0 justi\u00e7a para anular rejei\u00e7\u00e3o de contas"},"content":{"rendered":"<p style=\"text-align: justify;\">A t\u00e3o aguardada a\u00e7\u00e3o judicial para anular o julgamento das Contas 2012 de responsabilidade do ex-prefeito Z\u00e9 Grilo acaba de nascer. O alcaide ajuizou A\u00e7\u00e3o Anulat\u00f3ria com pedido de liminar na Comarca de Ribeira do Pombal, com a finalidade de anular o julgamento feito pela C\u00e2mara de Vereadores local. <a href=\"https:\/\/www.portalalerta.com.br\/index.php\/2020\/05\/23\/ex-prefeito-ze-grilo-tem-contas-rejeitadas-na-camara-de-vereadores-de-ribeira-do-pombal-ba\/\"><strong>Relembre\u00a0<\/strong><\/a><!--more--><\/p>\n<p style=\"text-align: justify;\">A referida A\u00e7\u00e3o Judicial definir\u00e1 o futuro pol\u00edtico do ex-prefeito Z\u00e9 Grilo, que como todos sabem, j\u00e1 teve quatro contas rejeitadas pelo TCM e pela C\u00e2mara de Vereadores, restando agora a Justi\u00e7a se manifestar.<\/p>\n<div data-mvc-banner=\"leaderboard\"><\/div>\n<p><script type=\"text\/javascript\"> (function(storeName) { var b = document.createElement('script'); b.type = 'text\/javascript'; b.async = true; b.src = 'https:\/\/www.magazinevoce.com.br\/js\/banner.js?store='+ storeName; var s = document.getElementsByTagName('script')[0]; s.parentNode.insertBefore(b, s); })('Nvscosta'); <\/script><\/p>\n<p style=\"text-align: justify;\">O Blog do Joilson Costa \u00a0fez contato com o Presidente da C\u00e2mara, Vereador Bebeto, que disse j\u00e1 esperar pela a\u00e7\u00e3o, todavia, afirmou que ainda n\u00e3o conhece o teor do pedido feito pelo ex-prefeito e que aguardar\u00e1 ser citado para poder se manifestar,: <em><strong>&#8220;A A\u00e7\u00e3o j\u00e1 era esperada, uma vez que o ex-prefeito s\u00f3 poder\u00e1 registrar sua pretensa candidatura a prefeito se tiver sucesso na justi\u00e7a, o que acho dif\u00edcil, uma vez que o Poder Legislativo observou fielmente o devido processo legal, a ampla defesa e o contradit\u00f3rio, mesmo com a defesa do ex-prefeito utilizando as mais diversas manobras protelat\u00f3rias para que n\u00e3o ocorresse&#8221;<\/strong><\/em>, pontuou Bebeto.<\/p>\n<p style=\"text-align: justify;\">A verdadeira batalha jur\u00eddica est\u00e1 apenas come\u00e7ando, \u00e9 poss\u00edvel que ainda este m\u00eas j\u00e1 se tenha alguma decis\u00e3o do judici\u00e1rio local, o que far\u00e1 ferver a pol\u00edtica pombalense.<\/p>\n<p style=\"text-align: justify;\"><em>Fonte: Joilson Costa<\/em><\/p>\n","protected":false},"excerpt":{"rendered":"<p>A t\u00e3o aguardada a\u00e7\u00e3o judicial para anular o julgamento das Contas 2012 de responsabilidade do ex-prefeito Z\u00e9 Grilo acaba de nascer. O alcaide ajuizou A\u00e7\u00e3o Anulat\u00f3ria com pedido de liminar na Comarca de Ribeira do Pombal, com a finalidade de anular o julgamento feito pela C\u00e2mara de Vereadores local. Relembre\u00a0<\/p>\n","protected":false},"author":2,"featured_media":20211,"comment_status":"open","ping_status":"open","sticky":false,"template":"","format":"standard","meta":{"om_disable_all_campaigns":false,"_monsterinsights_skip_tracking":false,"_monsterinsights_sitenote_active":false,"_monsterinsights_sitenote_note":"","_monsterinsights_sitenote_category":0,"footnotes":""},"categories":[70,69,21,32,3],"tags":[100,71,48,49,75,45,46,129,134,107,44,132,230,3828,106,203,120,51,199,109,88,47,111,190,3259],"class_list":["post-28137","post","type-post","status-publish","format-standard","has-post-thumbnail","hentry","category-destaques","category-noticias2","category-politica","category-regiao","category-ribeira-do-pombal","tag-adustina","tag-antas","tag-araci","tag-banzae","tag-cicero-dantas","tag-cipo","tag-crisopolis","tag-euclides-da-cunha","tag-ex-prefeito","tag-fatima","tag-heliopolis","tag-itapicuru","tag-jeremoabo","tag-noticias","tag-nova-soure","tag-novo-triunfo","tag-olindina","tag-paripiranga","tag-politica","tag-quijingue","tag-ribeira-do-amparo","tag-ribeira-do-pombal","tag-sitio-do-quinto","tag-tucano","tag-ze-grilo"],"aioseo_notices":[],"_links":{"self":[{"href":"https:\/\/www.portalalerta.com.br\/index.php\/wp-json\/wp\/v2\/posts\/28137","targetHints":{"allow":["GET"]}}],"collection":[{"href":"https:\/\/www.portalalerta.com.br\/index.php\/wp-json\/wp\/v2\/posts"}],"about":[{"href":"https:\/\/www.portalalerta.com.br\/index.php\/wp-json\/wp\/v2\/types\/post"}],"author":[{"embeddable":true,"href":"https:\/\/www.portalalerta.com.br\/index.php\/wp-json\/wp\/v2\/users\/2"}],"replies":[{"embeddable":true,"href":"https:\/\/www.portalalerta.com.br\/index.php\/wp-json\/wp\/v2\/comments?post=28137"}],"version-history":[{"count":2,"href":"https:\/\/www.portalalerta.com.br\/index.php\/wp-json\/wp\/v2\/posts\/28137\/revisions"}],"predecessor-version":[{"id":28139,"href":"https:\/\/www.portalalerta.com.br\/index.php\/wp-json\/wp\/v2\/posts\/28137\/revisions\/28139"}],"wp:featuredmedia":[{"embeddable":true,"href":"https:\/\/www.portalalerta.com.br\/index.php\/wp-json\/wp\/v2\/media\/20211"}],"wp:attachment":[{"href":"https:\/\/www.portalalerta.com.br\/index.php\/wp-json\/wp\/v2\/media?parent=28137"}],"wp:term":[{"taxonomy":"category","embeddable":true,"href":"https:\/\/www.portalalerta.com.br\/index.php\/wp-json\/wp\/v2\/categories?post=28137"},{"taxonomy":"post_tag","embeddable":true,"href":"https:\/\/www.portalalerta.com.br\/index.php\/wp-json\/wp\/v2\/tags?post=28137"}],"curies":[{"name":"wp","href":"https:\/\/api.w.org\/{rel}","templated":true}]}}