{"id":28140,"date":"2020-08-07T19:05:32","date_gmt":"2020-08-07T22:05:32","guid":{"rendered":"https:\/\/www.portalalerta.com.br\/?p=28140"},"modified":"2020-08-07T19:05:32","modified_gmt":"2020-08-07T22:05:32","slug":"policiais-militares-recuperam-veiculo-roubado-e-apreende-arma-de-fogo-em-olindina-ba","status":"publish","type":"post","link":"https:\/\/www.portalalerta.com.br\/index.php\/2020\/08\/07\/policiais-militares-recuperam-veiculo-roubado-e-apreende-arma-de-fogo-em-olindina-ba\/","title":{"rendered":"Policiais Militares recuperam ve\u00edculo roubado e apreende arma de fogo em Olindina-BA"},"content":{"rendered":"<p style=\"text-align: justify;\">Na noite da \u00faltima quarta-feira, 05, policiais militares de Olindina-BA, bem como do Pelot\u00e3o de Emprego T\u00e1tico Operacional (PETO) da 6\u00aa CIPM, se dirigiram at\u00e9 o entroncamento do munic\u00edpio, com a cidade de Cris\u00f3polis-BA, com o objetivo de realizarem o cerco \u00e0 criminosos que estariam atuando em Olindina.<!--more--><\/p>\n<p style=\"text-align: justify;\">Antes da a\u00e7\u00e3o, os militares foram informados de um roubo de uma motocicleta, que teve como autores, tr\u00eas criminosos, a bordo de outra motocicleta, tamb\u00e9m roubada.<\/p>\n<p style=\"text-align: justify;\"><img fetchpriority=\"high\" decoding=\"async\" class=\"size-thumbnail wp-image-4869 aligncenter\" src=\"https:\/\/www.portalalerta.com.br\/wp-content\/uploads\/2018\/02\/Auto-Escola-Nobre-720x181.jpg\" alt=\"\" width=\"720\" height=\"181\" srcset=\"https:\/\/www.portalalerta.com.br\/wp-content\/uploads\/2018\/02\/Auto-Escola-Nobre.jpg 720w, https:\/\/www.portalalerta.com.br\/wp-content\/uploads\/2018\/02\/Auto-Escola-Nobre-260x65.jpg 260w, https:\/\/www.portalalerta.com.br\/wp-content\/uploads\/2018\/02\/Auto-Escola-Nobre-50x13.jpg 50w, https:\/\/www.portalalerta.com.br\/wp-content\/uploads\/2018\/02\/Auto-Escola-Nobre-150x38.jpg 150w\" sizes=\"(max-width: 720px) 100vw, 720px\" \/>O grupo foi interceptado pelos militares, no referido local, sendo encontrados sob a posse de um deles, um rev\u00f3lver cal. 32.<\/p>\n<p style=\"text-align: justify;\">O trio, bem como as motocicletas e a arma de fogo, foram conduzidos para a Central de Flagrantes em Alagoinhas-BA, onde foi registrada a ocorr\u00eancia.<\/p>\n<p style=\"text-align: justify;\"><em>Reda\u00e7\u00e3o: Portal Alerta<\/em><\/p>\n<p style=\"text-align: justify;\"><em>Com informa\u00e7\u00f5es: Itapicuru Not\u00edcias<\/em><\/p>\n<p style=\"text-align: justify;\"><strong><em>#fiqueemcasa<\/em><\/strong><\/p>\n<p style=\"text-align: justify;\"><strong><em>#usemascaras<\/em><\/strong><\/p>\n","protected":false},"excerpt":{"rendered":"<p>Na noite da \u00faltima quarta-feira, 05, policiais militares de Olindina-BA, bem como do Pelot\u00e3o de Emprego T\u00e1tico Operacional (PETO) da 6\u00aa CIPM, se dirigiram at\u00e9 o entroncamento do munic\u00edpio, com a cidade de Cris\u00f3polis-BA, com o objetivo de realizarem o cerco \u00e0 criminosos que estariam atuando em Olindina.<\/p>\n","protected":false},"author":2,"featured_media":28141,"comment_status":"open","ping_status":"open","sticky":false,"template":"","format":"standard","meta":{"om_disable_all_campaigns":false,"_monsterinsights_skip_tracking":false,"_monsterinsights_sitenote_active":false,"_monsterinsights_sitenote_note":"","_monsterinsights_sitenote_category":0,"footnotes":""},"categories":[70,69,15,32,22],"tags":[100,71,48,49,75,45,46,129,107,44,132,230,3828,106,203,120,51,83,110,109,88,47,101,1569,111,190,102],"class_list":["post-28140","post","type-post","status-publish","format-standard","has-post-thumbnail","hentry","category-destaques","category-noticias2","category-olindina","category-regiao","category-seguranca","tag-adustina","tag-antas","tag-araci","tag-banzae","tag-cicero-dantas","tag-cipo","tag-crisopolis","tag-euclides-da-cunha","tag-fatima","tag-heliopolis","tag-itapicuru","tag-jeremoabo","tag-noticias","tag-nova-soure","tag-novo-triunfo","tag-olindina","tag-paripiranga","tag-porte-ilegal-de-arma-de-fogo","tag-presos","tag-quijingue","tag-ribeira-do-amparo","tag-ribeira-do-pombal","tag-roubo-de-moto","tag-roubos","tag-sitio-do-quinto","tag-tucano","tag-veiculo-recuperado"],"aioseo_notices":[],"_links":{"self":[{"href":"https:\/\/www.portalalerta.com.br\/index.php\/wp-json\/wp\/v2\/posts\/28140","targetHints":{"allow":["GET"]}}],"collection":[{"href":"https:\/\/www.portalalerta.com.br\/index.php\/wp-json\/wp\/v2\/posts"}],"about":[{"href":"https:\/\/www.portalalerta.com.br\/index.php\/wp-json\/wp\/v2\/types\/post"}],"author":[{"embeddable":true,"href":"https:\/\/www.portalalerta.com.br\/index.php\/wp-json\/wp\/v2\/users\/2"}],"replies":[{"embeddable":true,"href":"https:\/\/www.portalalerta.com.br\/index.php\/wp-json\/wp\/v2\/comments?post=28140"}],"version-history":[{"count":1,"href":"https:\/\/www.portalalerta.com.br\/index.php\/wp-json\/wp\/v2\/posts\/28140\/revisions"}],"predecessor-version":[{"id":28142,"href":"https:\/\/www.portalalerta.com.br\/index.php\/wp-json\/wp\/v2\/posts\/28140\/revisions\/28142"}],"wp:featuredmedia":[{"embeddable":true,"href":"https:\/\/www.portalalerta.com.br\/index.php\/wp-json\/wp\/v2\/media\/28141"}],"wp:attachment":[{"href":"https:\/\/www.portalalerta.com.br\/index.php\/wp-json\/wp\/v2\/media?parent=28140"}],"wp:term":[{"taxonomy":"category","embeddable":true,"href":"https:\/\/www.portalalerta.com.br\/index.php\/wp-json\/wp\/v2\/categories?post=28140"},{"taxonomy":"post_tag","embeddable":true,"href":"https:\/\/www.portalalerta.com.br\/index.php\/wp-json\/wp\/v2\/tags?post=28140"}],"curies":[{"name":"wp","href":"https:\/\/api.w.org\/{rel}","templated":true}]}}