{"id":28146,"date":"2020-08-07T19:49:35","date_gmt":"2020-08-07T22:49:35","guid":{"rendered":"https:\/\/www.portalalerta.com.br\/?p=28146"},"modified":"2020-08-07T19:49:35","modified_gmt":"2020-08-07T22:49:35","slug":"cicero-dantas-ba-ultrapassa-marca-de-200-casos-positivos-da-covid-19","status":"publish","type":"post","link":"https:\/\/www.portalalerta.com.br\/index.php\/2020\/08\/07\/cicero-dantas-ba-ultrapassa-marca-de-200-casos-positivos-da-covid-19\/","title":{"rendered":"C\u00edcero Dantas-BA ultrapassa marca de 200 casos positivos da Covid-19"},"content":{"rendered":"<p style=\"text-align: justify;\">O munic\u00edpio de C\u00edcero Dantas (BA) superou na \u00faltima quinta-feira (06) a marca de 200 casos positivos do novo coronav\u00edrus. De acordo com o boletim epidemiol\u00f3gico divulgado pela manh\u00e3, foram contabilizados 12 nove casos de quarta-feira, 06, para quinta-feira, 06.<!--more--><\/p>\n<p style=\"text-align: justify;\">Atualmente o munic\u00edpio j\u00e1 acumula 219 casos, sendo 92 ativos (42%), 126 curados (58%), e 01 morte (menos que 1%).<\/p>\n<p style=\"text-align: justify;\"><img fetchpriority=\"high\" decoding=\"async\" class=\"size-thumbnail wp-image-27904 aligncenter\" src=\"https:\/\/www.portalalerta.com.br\/wp-content\/uploads\/2020\/08\/Real-dia-dos-pais-720x92.jpg\" alt=\"\" width=\"720\" height=\"92\" \/>De acordo com a Secretaria de Sa\u00fade, de todas confirma\u00e7\u00f5es da doen\u00e7a em C\u00edcero Dantas, 201 se deram via teste r\u00e1pido e 18 pelo m\u00e9todo swab (RT\/PCR).<\/p>\n<p style=\"text-align: justify;\"><a href=\"https:\/\/www.portalalerta.com.br\/index.php\/2020\/05\/25\/saiba-como-esta-a-evolucao-do-covid-19-em-cicero-dantas-ba\/\"><strong>Clique aqui e saiba como est\u00e1 a evolu\u00e7\u00e3o do Covid-19 em C\u00edcero Dantas-BA<\/strong><\/a><\/p>\n<p style=\"text-align: justify;\"><em>\u00a0<\/em><em>Fonte: Sert\u00e3o em Pauta <\/em><\/p>\n","protected":false},"excerpt":{"rendered":"<p>O munic\u00edpio de C\u00edcero Dantas (BA) superou na \u00faltima quinta-feira (06) a marca de 200 casos positivos do novo coronav\u00edrus. De acordo com o boletim epidemiol\u00f3gico divulgado pela manh\u00e3, foram contabilizados 12 nove casos de quarta-feira, 06, para quinta-feira, 06.<\/p>\n","protected":false},"author":2,"featured_media":23811,"comment_status":"open","ping_status":"open","sticky":false,"template":"","format":"standard","meta":{"om_disable_all_campaigns":false,"_monsterinsights_skip_tracking":false,"_monsterinsights_sitenote_active":false,"_monsterinsights_sitenote_note":"","_monsterinsights_sitenote_category":0,"footnotes":""},"categories":[4,70,69,32,19],"tags":[75,3429,3486,3454,3724,61],"class_list":["post-28146","post","type-post","status-publish","format-standard","has-post-thumbnail","hentry","category-cicero-dantas","category-destaques","category-noticias2","category-regiao","category-saude","tag-cicero-dantas","tag-coronavirus","tag-covid-19","tag-cura","tag-infeccao","tag-saude"],"aioseo_notices":[],"_links":{"self":[{"href":"https:\/\/www.portalalerta.com.br\/index.php\/wp-json\/wp\/v2\/posts\/28146","targetHints":{"allow":["GET"]}}],"collection":[{"href":"https:\/\/www.portalalerta.com.br\/index.php\/wp-json\/wp\/v2\/posts"}],"about":[{"href":"https:\/\/www.portalalerta.com.br\/index.php\/wp-json\/wp\/v2\/types\/post"}],"author":[{"embeddable":true,"href":"https:\/\/www.portalalerta.com.br\/index.php\/wp-json\/wp\/v2\/users\/2"}],"replies":[{"embeddable":true,"href":"https:\/\/www.portalalerta.com.br\/index.php\/wp-json\/wp\/v2\/comments?post=28146"}],"version-history":[{"count":1,"href":"https:\/\/www.portalalerta.com.br\/index.php\/wp-json\/wp\/v2\/posts\/28146\/revisions"}],"predecessor-version":[{"id":28147,"href":"https:\/\/www.portalalerta.com.br\/index.php\/wp-json\/wp\/v2\/posts\/28146\/revisions\/28147"}],"wp:featuredmedia":[{"embeddable":true,"href":"https:\/\/www.portalalerta.com.br\/index.php\/wp-json\/wp\/v2\/media\/23811"}],"wp:attachment":[{"href":"https:\/\/www.portalalerta.com.br\/index.php\/wp-json\/wp\/v2\/media?parent=28146"}],"wp:term":[{"taxonomy":"category","embeddable":true,"href":"https:\/\/www.portalalerta.com.br\/index.php\/wp-json\/wp\/v2\/categories?post=28146"},{"taxonomy":"post_tag","embeddable":true,"href":"https:\/\/www.portalalerta.com.br\/index.php\/wp-json\/wp\/v2\/tags?post=28146"}],"curies":[{"name":"wp","href":"https:\/\/api.w.org\/{rel}","templated":true}]}}