{"id":28361,"date":"2020-08-11T17:13:09","date_gmt":"2020-08-11T20:13:09","guid":{"rendered":"https:\/\/www.portalalerta.com.br\/?p=28361"},"modified":"2020-08-11T17:13:09","modified_gmt":"2020-08-11T20:13:09","slug":"governo-bolsonaro-vincula-mortes-e-casos-de-covid-a-governadores-adversarios","status":"publish","type":"post","link":"https:\/\/www.portalalerta.com.br\/index.php\/2020\/08\/11\/governo-bolsonaro-vincula-mortes-e-casos-de-covid-a-governadores-adversarios\/","title":{"rendered":"Governo Bolsonaro vincula mortes e casos de Covid a governadores advers\u00e1rios"},"content":{"rendered":"<p style=\"text-align: justify;\">O Pal\u00e1cio do Planalto distribuiu a partidos da base aliada no Poder Legislativo uma esp\u00e9cie de ranking dos governos estaduais e municipais que apresentam o maior n\u00famero de mortes e casos do\u00a0novo coronav\u00edrus.<!--more--><\/p>\n<p style=\"text-align: justify;\">O documento, produzido pela Secretaria de Governo com dados do Minist\u00e9rio da Sa\u00fade, associa a contamina\u00e7\u00e3o pela doen\u00e7a a governadores e prefeitos, muitos deles advers\u00e1rios do\u00a0presidente Jair Bolsonaro\u00a0(sem partido).<\/p>\n<p style=\"text-align: justify;\">A planilha utiliza informa\u00e7\u00f5es divulgadas no s\u00e1bado (8) sobre o alastramento da doen\u00e7a no pa\u00eds.<\/p>\n<p style=\"text-align: justify;\"><img fetchpriority=\"high\" decoding=\"async\" class=\"size-thumbnail wp-image-28287 alignleft\" src=\"https:\/\/www.portalalerta.com.br\/wp-content\/uploads\/2020\/08\/Real-Juro-Zero-2020-240x240.jpg\" alt=\"\" width=\"240\" height=\"240\" \/>O ranking dos estados com o maior n\u00famero de novos casos, por exemplo, \u00e9 liderado pelos governadores de S\u00e3o Paulo, Jo\u00e3o Doria (PSDB), do Rio Grande do Sul, Eduardo Leite (PSDB), e da Bahia, Rui Costa (PT).<\/p>\n<p style=\"text-align: justify;\">O governador de S\u00e3o Paulo tamb\u00e9m \u00e9 citado na dianteira na rela\u00e7\u00e3o dos estados que tiveram maior n\u00famero de \u00f3bitos no s\u00e1bado (8). Ele \u00e9 seguido pelo governador de Minas Gerais, Romeu Zema (Novo).<\/p>\n<p style=\"text-align: justify;\">Segundo auxiliares presidenciais, o documento foi distribu\u00eddo na tentativa de municiar deputados aliados contra governadores e prefeitos que t\u00eam criticado a gest\u00e3o da crise sanit\u00e1ria pelo governo federal.<\/p>\n<p style=\"text-align: justify;\">No ranking de munic\u00edpios com o maior n\u00famero de novos casos, o documento faz refer\u00eancia aos prefeitos de S\u00e3o Paulo, Bruno Covas (PSDB), Rio de Janeiro, Marcelo Crivella (Republicanos), e de Salvador, ACM Neto (DEM).<\/p>\n<p style=\"text-align: justify;\">Em nota oficial, a Secretaria de Governo, respons\u00e1vel pela articula\u00e7\u00e3o pol\u00edtica, disse que o documento tem o objetivo de &#8220;monitorar a dissemina\u00e7\u00e3o da Covid-19 nos entes federativos para auxiliar na articula\u00e7\u00e3o do governo federal&#8221;.<\/p>\n<p style=\"text-align: justify;\">&#8220;O documento em quest\u00e3o foi criado para contribuir internamente na gest\u00e3o de curto prazo de como a pandemia est\u00e1 se comportando nos estados e munic\u00edpios. Os dados apresentados s\u00e3o todos p\u00fablicos e retirados do site do Minist\u00e9rio da Sa\u00fade&#8221;, ressaltou.<\/p>\n<p style=\"text-align: justify;\">Nesta segunda-feira (10), em entrevista \u00e0 imprensa, Doria disse que o pa\u00eds atingiu no s\u00e1bado (8) a marca de 100 mil mortos pela doen\u00e7a porque houve &#8220;desprezo pela ci\u00eancia&#8221;.<\/p>\n<p style=\"text-align: justify;\">&#8220;Especialistas reconhecem hoje que o desprezo pela ci\u00eancia, pela sa\u00fade e pela vida, e o desprezo por essa pandemia, lamentavelmente contribuiu para que cheg\u00e1ssemos a 3 milh\u00f5es de casos e 100 mil mortes, o segundo pior \u00edndice do planeta&#8221;, afirmou.<\/p>\n<p style=\"text-align: justify;\">Doria aproveitou para falar diretamente a Bolsonaro. Ele acusou o presidente de ter sido &#8220;omisso&#8221; e &#8220;negativista&#8221; em rela\u00e7\u00e3o \u00e0 pandemia do novo coronav\u00edrus.<\/p>\n<p style=\"text-align: justify;\">&#8220;Continua minimizando os efeitos dessa pandemia, a maior crise de sa\u00fade da hist\u00f3ria do pa\u00eds&#8221;, afirmou. &#8220;Presidente Bolsonaro, n\u00e3o era uma gripezinha&#8221;, acrescentou.<\/p>\n<p style=\"text-align: justify;\">Nesta segunda-feira (10), o Brasil registrou 721 mortes de infectados e 20.730 novos casos da doen\u00e7a. O pa\u00eds acumula 101.857 \u00f3bitos e mais de 3 milh\u00f5es de infectados na pandemia do novo coronav\u00edrus.<\/p>\n<p style=\"text-align: justify;\">Os dados s\u00e3o fruto de colabora\u00e7\u00e3o in\u00e9dita entre Folha de S.Paulo, UOL, O Estado de S. Paulo, Extra, O Globo e G1 para reunir e divulgar os n\u00fameros relativos \u00e0 pandemia do novo coronav\u00edrus.<\/p>\n<p style=\"text-align: justify;\">As informa\u00e7\u00f5es s\u00e3o coletadas diretamente com as Secretarias de Sa\u00fade estaduais. O balan\u00e7o \u00e9 fechado diariamente \u00e0s 20h.<\/p>\n<p style=\"text-align: justify;\"><em>Fonte: Yahoo Not\u00edcias<\/em><\/p>\n","protected":false},"excerpt":{"rendered":"<p>O Pal\u00e1cio do Planalto distribuiu a partidos da base aliada no Poder Legislativo uma esp\u00e9cie de ranking dos governos estaduais e municipais que apresentam o maior n\u00famero de mortes e casos do\u00a0novo coronav\u00edrus.<\/p>\n","protected":false},"author":2,"featured_media":28362,"comment_status":"open","ping_status":"open","sticky":false,"template":"","format":"standard","meta":{"om_disable_all_campaigns":false,"_monsterinsights_skip_tracking":false,"_monsterinsights_sitenote_active":false,"_monsterinsights_sitenote_note":"","_monsterinsights_sitenote_category":0,"footnotes":""},"categories":[34,70,69,21,19],"tags":[93,887,1395,199,829],"class_list":["post-28361","post","type-post","status-publish","format-standard","has-post-thumbnail","hentry","category-brasil","category-destaques","category-noticias2","category-politica","category-saude","tag-brasil","tag-governadores","tag-jair-bolsonaro","tag-politica","tag-prefeitos"],"aioseo_notices":[],"_links":{"self":[{"href":"https:\/\/www.portalalerta.com.br\/index.php\/wp-json\/wp\/v2\/posts\/28361","targetHints":{"allow":["GET"]}}],"collection":[{"href":"https:\/\/www.portalalerta.com.br\/index.php\/wp-json\/wp\/v2\/posts"}],"about":[{"href":"https:\/\/www.portalalerta.com.br\/index.php\/wp-json\/wp\/v2\/types\/post"}],"author":[{"embeddable":true,"href":"https:\/\/www.portalalerta.com.br\/index.php\/wp-json\/wp\/v2\/users\/2"}],"replies":[{"embeddable":true,"href":"https:\/\/www.portalalerta.com.br\/index.php\/wp-json\/wp\/v2\/comments?post=28361"}],"version-history":[{"count":1,"href":"https:\/\/www.portalalerta.com.br\/index.php\/wp-json\/wp\/v2\/posts\/28361\/revisions"}],"predecessor-version":[{"id":28363,"href":"https:\/\/www.portalalerta.com.br\/index.php\/wp-json\/wp\/v2\/posts\/28361\/revisions\/28363"}],"wp:featuredmedia":[{"embeddable":true,"href":"https:\/\/www.portalalerta.com.br\/index.php\/wp-json\/wp\/v2\/media\/28362"}],"wp:attachment":[{"href":"https:\/\/www.portalalerta.com.br\/index.php\/wp-json\/wp\/v2\/media?parent=28361"}],"wp:term":[{"taxonomy":"category","embeddable":true,"href":"https:\/\/www.portalalerta.com.br\/index.php\/wp-json\/wp\/v2\/categories?post=28361"},{"taxonomy":"post_tag","embeddable":true,"href":"https:\/\/www.portalalerta.com.br\/index.php\/wp-json\/wp\/v2\/tags?post=28361"}],"curies":[{"name":"wp","href":"https:\/\/api.w.org\/{rel}","templated":true}]}}